{"id":27191,"date":"2026-09-02T13:14:45","date_gmt":"2026-09-02T09:14:45","guid":{"rendered":"https:\/\/nashernews.com\/lisbonne-sinterroge-sur-lavenir-de-la-lecture\/"},"modified":"2026-09-02T13:14:45","modified_gmt":"2026-09-02T09:14:45","slug":"lisbonne-sinterroge-sur-lavenir-de-la-lecture","status":"publish","type":"post","link":"https:\/\/nashernews.com\/fr\/lisbonne-sinterroge-sur-lavenir-de-la-lecture\/","title":{"rendered":"Lisbonne S&rsquo;Interroge Sur L&rsquo;Avenir De La Lecture"},"content":{"rendered":"<p><span style=\"font-weight: 400;\">Lisbonne devient le point de rencontre de figures marquantes de l&rsquo;\u00e9dition, de la culture et de la vie publique les 15 et 16 septembre 2026, \u00e0 l&rsquo;occasion de la quatri\u00e8me \u00e9dition de Livre 2.0, consacr\u00e9e \u00e0 l&rsquo;avenir de la lecture, au Centre culturel de Bel\u00e9m. Sous le th\u00e8me \u00ab Retour aux sources, retour aux livres \u00bb, cette conf\u00e9rence revient \u00e0 une question en apparence simple : quelle place les livres et la lecture doivent ils occuper dans un monde transform\u00e9 par la technologie, le d\u00e9clin de l&rsquo;attention et l&rsquo;\u00e9volution rapide des habitudes de consommation du savoir ? Organis\u00e9 par l&rsquo;Association portugaise des \u00e9diteurs et libraires, ce rassemblement d\u00e9passe le cadre de l&rsquo;industrie de l&rsquo;\u00e9dition pour envisager la lecture comme une force sociale, culturelle et civique. Les d\u00e9bats explorent les liens entre le livre et l&rsquo;\u00e9ducation, la culture, l&rsquo;\u00e9conomie ou le bien \u00eatre, et affrontent des th\u00e9matiques cruciales pour le paysage litt\u00e9raire contemporain, des droits d&rsquo;auteur et de l&rsquo;intelligence artificielle \u00e0 la libert\u00e9 d&rsquo;expression, la d\u00e9mocratie et les politiques n\u00e9cessaires pour soutenir des cultures de l&rsquo;\u00e9crit vigoureuses.<\/span><\/p>\n<p><span style=\"font-weight: 400;\">Parmi les personnalit\u00e9s invit\u00e9es figurent le pr\u00e9sident portugais Ant\u00f3nio Jos\u00e9 Seguro, l&rsquo;ancienne premi\u00e8re ministre finlandaise Sanna Marin, le cardinal et \u00e9crivain Jos\u00e9 Tolentino de Mendon\u00e7a, pr\u00e9fet du Dicast\u00e8re du Vatican pour la culture et l&rsquo;\u00e9ducation, ainsi que Markus Dohle, ancien premier responsable de Penguin Random House. Au fil des discussions, les intervenants analysent des sujets majeurs tels que le lien entre lecture et d\u00e9mocratie, l&rsquo;\u00e9conomie de la connaissance, la lutte pour capter l&rsquo;attention, la transition num\u00e9rique et les nouveaux modes de d\u00e9couverte des livres \u00e0 l&rsquo;\u00e8re de l&rsquo;intelligence artificielle.<\/span><\/p>\n<p><span style=\"font-weight: 400;\">Ce rendez vous s&rsquo;impose d\u00e9sormais comme un espace d&rsquo;\u00e9change international pour r\u00e9fl\u00e9chir en profondeur \u00e0 l&rsquo;avenir de l&rsquo;\u00e9crit et des \u00e9cosyst\u00e8mes qui l&rsquo;entourent. Par le rassemblement d&rsquo;\u00e9diteurs, d&rsquo;\u00e9crivains, de chercheurs, de d\u00e9cideurs et de lecteurs, la conf\u00e9rence souhaite orienter les r\u00e9flexions au del\u00e0 des simples questions de support technique pour valoriser l&rsquo;importance intemporelle de la lecture, con\u00e7ue comme une source de savoir, un pilier de la pens\u00e9e critique et un moyen de renforcer la libert\u00e9, l&rsquo;imaginaire et la coh\u00e9sion sociale.<\/span><\/p>\n<p>&nbsp;<\/p>\n","protected":false},"excerpt":{"rendered":"<p>Lisbonne devient le point de rencontre de figures marquantes de l&rsquo;\u00e9dition, de la culture et de la vie publique les 15 et 16 septembre 2026, \u00e0 l&rsquo;occasion de la quatri\u00e8me \u00e9dition de Livre 2.0, consacr\u00e9e \u00e0 l&rsquo;avenir de la lecture, au Centre culturel de Bel\u00e9m. Sous le th\u00e8me \u00ab Retour aux sources, retour aux livres [&hellip;]<\/p>\n","protected":false},"author":12,"featured_media":27187,"comment_status":"closed","ping_status":"open","sticky":false,"template":"","format":"standard","meta":{"_acf_changed":false,"_et_pb_use_builder":"","_et_pb_old_content":"","_et_gb_content_width":"","footnotes":""},"categories":[106],"tags":[],"class_list":["post-27191","post","type-post","status-publish","format-standard","has-post-thumbnail","hentry","category-non-classifiee","et-has-post-format-content","et_post_format-et-post-format-standard"],"acf":[],"yoast_head":"<!-- This site is optimized with the Yoast SEO plugin v28.0 - https:\/\/yoast.com\/product\/yoast-seo-wordpress\/ -->\n<title>Lisbonne S&#039;Interroge Sur L&#039;Avenir De La Lecture - Nasher News<\/title>\n<meta name=\"robots\" content=\"index, follow, max-snippet:-1, max-image-preview:large, max-video-preview:-1\" \/>\n<link rel=\"canonical\" href=\"https:\/\/nashernews.com\/lisbon-asks-what-readings-future-holds\/\" \/>\n<meta property=\"og:locale\" content=\"fr_FR\" \/>\n<meta property=\"og:type\" content=\"article\" \/>\n<meta property=\"og:title\" content=\"Lisbonne S&#039;Interroge Sur L&#039;Avenir De La Lecture - Nasher News\" \/>\n<meta property=\"og:description\" content=\"Lisbonne devient le point de rencontre de figures marquantes de l&rsquo;\u00e9dition, de la culture et de la vie publique les 15 et 16 septembre 2026, \u00e0 l&rsquo;occasion de la quatri\u00e8me \u00e9dition de Livre 2.0, consacr\u00e9e \u00e0 l&rsquo;avenir de la lecture, au Centre culturel de Bel\u00e9m. Sous le th\u00e8me \u00ab Retour aux sources, retour aux livres [&hellip;]\" \/>\n<meta property=\"og:url\" content=\"https:\/\/nashernews.com\/lisbon-asks-what-readings-future-holds\/\" \/>\n<meta property=\"og:site_name\" content=\"Nasher News\" \/>\n<meta property=\"article:published_time\" content=\"2026-09-02T09:14:45+00:00\" \/>\n<meta property=\"og:image\" content=\"https:\/\/nashernews.com\/wp-content\/uploads\/2026\/09\/Nasher-Lisbon-to-Host-WEB.jpg\" \/>\n\t<meta property=\"og:image:width\" content=\"960\" \/>\n\t<meta property=\"og:image:height\" content=\"600\" \/>\n\t<meta property=\"og:image:type\" content=\"image\/jpeg\" \/>\n<meta name=\"author\" content=\"Husam Abu Jbara\" \/>\n<meta name=\"twitter:card\" content=\"summary_large_image\" \/>\n<meta name=\"twitter:label1\" content=\"\u00c9crit par\" \/>\n\t<meta name=\"twitter:data1\" content=\"Husam Abu Jbara\" \/>\n\t<meta name=\"twitter:label2\" content=\"Dur\u00e9e de lecture estim\u00e9e\" \/>\n\t<meta name=\"twitter:data2\" content=\"2 minutes\" \/>\n<script type=\"application\/ld+json\" class=\"yoast-schema-graph\">{\"@context\":\"https:\\\/\\\/schema.org\",\"@graph\":[{\"@type\":\"Article\",\"@id\":\"https:\\\/\\\/nashernews.com\\\/lisbon-asks-what-readings-future-holds\\\/#article\",\"isPartOf\":{\"@id\":\"https:\\\/\\\/nashernews.com\\\/lisbon-asks-what-readings-future-holds\\\/\"},\"author\":{\"name\":\"Husam Abu Jbara\",\"@id\":\"https:\\\/\\\/nashernews.com\\\/ar\\\/#\\\/schema\\\/person\\\/29dcf4c183ee0833f4146ae7ea4221ba\"},\"headline\":\"Lisbonne S&rsquo;Interroge Sur L&rsquo;Avenir De La Lecture\",\"datePublished\":\"2026-09-02T09:14:45+00:00\",\"mainEntityOfPage\":{\"@id\":\"https:\\\/\\\/nashernews.com\\\/lisbon-asks-what-readings-future-holds\\\/\"},\"wordCount\":403,\"image\":{\"@id\":\"https:\\\/\\\/nashernews.com\\\/lisbon-asks-what-readings-future-holds\\\/#primaryimage\"},\"thumbnailUrl\":\"https:\\\/\\\/nashernews.com\\\/wp-content\\\/uploads\\\/2026\\\/09\\\/Nasher-Lisbon-to-Host-WEB.jpg\",\"articleSection\":[\"Actualit\u00e9s\"],\"inLanguage\":\"fr-FR\"},{\"@type\":\"WebPage\",\"@id\":\"https:\\\/\\\/nashernews.com\\\/lisbon-asks-what-readings-future-holds\\\/\",\"url\":\"https:\\\/\\\/nashernews.com\\\/lisbon-asks-what-readings-future-holds\\\/\",\"name\":\"Lisbonne S'Interroge Sur L'Avenir De La Lecture - Nasher News\",\"isPartOf\":{\"@id\":\"https:\\\/\\\/nashernews.com\\\/ar\\\/#website\"},\"primaryImageOfPage\":{\"@id\":\"https:\\\/\\\/nashernews.com\\\/lisbon-asks-what-readings-future-holds\\\/#primaryimage\"},\"image\":{\"@id\":\"https:\\\/\\\/nashernews.com\\\/lisbon-asks-what-readings-future-holds\\\/#primaryimage\"},\"thumbnailUrl\":\"https:\\\/\\\/nashernews.com\\\/wp-content\\\/uploads\\\/2026\\\/09\\\/Nasher-Lisbon-to-Host-WEB.jpg\",\"datePublished\":\"2026-09-02T09:14:45+00:00\",\"author\":{\"@id\":\"https:\\\/\\\/nashernews.com\\\/ar\\\/#\\\/schema\\\/person\\\/29dcf4c183ee0833f4146ae7ea4221ba\"},\"breadcrumb\":{\"@id\":\"https:\\\/\\\/nashernews.com\\\/lisbon-asks-what-readings-future-holds\\\/#breadcrumb\"},\"inLanguage\":\"fr-FR\",\"potentialAction\":[{\"@type\":\"ReadAction\",\"target\":[\"https:\\\/\\\/nashernews.com\\\/lisbon-asks-what-readings-future-holds\\\/\"]}]},{\"@type\":\"ImageObject\",\"inLanguage\":\"fr-FR\",\"@id\":\"https:\\\/\\\/nashernews.com\\\/lisbon-asks-what-readings-future-holds\\\/#primaryimage\",\"url\":\"https:\\\/\\\/nashernews.com\\\/wp-content\\\/uploads\\\/2026\\\/09\\\/Nasher-Lisbon-to-Host-WEB.jpg\",\"contentUrl\":\"https:\\\/\\\/nashernews.com\\\/wp-content\\\/uploads\\\/2026\\\/09\\\/Nasher-Lisbon-to-Host-WEB.jpg\",\"width\":960,\"height\":600},{\"@type\":\"BreadcrumbList\",\"@id\":\"https:\\\/\\\/nashernews.com\\\/lisbon-asks-what-readings-future-holds\\\/#breadcrumb\",\"itemListElement\":[{\"@type\":\"ListItem\",\"position\":1,\"name\":\"Home\",\"item\":\"https:\\\/\\\/nashernews.com\\\/ar\\\/\"},{\"@type\":\"ListItem\",\"position\":2,\"name\":\"Lisbonne S&rsquo;Interroge Sur L&rsquo;Avenir De La Lecture\"}]},{\"@type\":\"WebSite\",\"@id\":\"https:\\\/\\\/nashernews.com\\\/ar\\\/#website\",\"url\":\"https:\\\/\\\/nashernews.com\\\/ar\\\/\",\"name\":\"Nasher News\",\"description\":\"World&#039;s first professional hub for Arab Publishers\",\"potentialAction\":[{\"@type\":\"SearchAction\",\"target\":{\"@type\":\"EntryPoint\",\"urlTemplate\":\"https:\\\/\\\/nashernews.com\\\/ar\\\/?s={search_term_string}\"},\"query-input\":{\"@type\":\"PropertyValueSpecification\",\"valueRequired\":true,\"valueName\":\"search_term_string\"}}],\"inLanguage\":\"fr-FR\"},{\"@type\":\"Person\",\"@id\":\"https:\\\/\\\/nashernews.com\\\/ar\\\/#\\\/schema\\\/person\\\/29dcf4c183ee0833f4146ae7ea4221ba\",\"name\":\"Husam Abu Jbara\",\"image\":{\"@type\":\"ImageObject\",\"inLanguage\":\"fr-FR\",\"@id\":\"https:\\\/\\\/nashernews.com\\\/wp-content\\\/uploads\\\/2022\\\/04\\\/Husam-AbuJbara-3-copy-96x96.jpg\",\"url\":\"https:\\\/\\\/nashernews.com\\\/wp-content\\\/uploads\\\/2022\\\/04\\\/Husam-AbuJbara-3-copy-96x96.jpg\",\"contentUrl\":\"https:\\\/\\\/nashernews.com\\\/wp-content\\\/uploads\\\/2022\\\/04\\\/Husam-AbuJbara-3-copy-96x96.jpg\",\"caption\":\"Husam Abu Jbara\"},\"url\":\"https:\\\/\\\/nashernews.com\\\/fr\\\/author\\\/husam\\\/\"}]}<\/script>\n<!-- \/ Yoast SEO plugin. -->","yoast_head_json":{"title":"Lisbonne S'Interroge Sur L'Avenir De La Lecture - Nasher News","robots":{"index":"index","follow":"follow","max-snippet":"max-snippet:-1","max-image-preview":"max-image-preview:large","max-video-preview":"max-video-preview:-1"},"canonical":"https:\/\/nashernews.com\/lisbon-asks-what-readings-future-holds\/","og_locale":"fr_FR","og_type":"article","og_title":"Lisbonne S'Interroge Sur L'Avenir De La Lecture - Nasher News","og_description":"Lisbonne devient le point de rencontre de figures marquantes de l&rsquo;\u00e9dition, de la culture et de la vie publique les 15 et 16 septembre 2026, \u00e0 l&rsquo;occasion de la quatri\u00e8me \u00e9dition de Livre 2.0, consacr\u00e9e \u00e0 l&rsquo;avenir de la lecture, au Centre culturel de Bel\u00e9m. Sous le th\u00e8me \u00ab Retour aux sources, retour aux livres [&hellip;]","og_url":"https:\/\/nashernews.com\/lisbon-asks-what-readings-future-holds\/","og_site_name":"Nasher News","article_published_time":"2026-09-02T09:14:45+00:00","og_image":[{"width":960,"height":600,"url":"https:\/\/nashernews.com\/wp-content\/uploads\/2026\/09\/Nasher-Lisbon-to-Host-WEB.jpg","type":"image\/jpeg"}],"author":"Husam Abu Jbara","twitter_card":"summary_large_image","twitter_misc":{"\u00c9crit par":"Husam Abu Jbara","Dur\u00e9e de lecture estim\u00e9e":"2 minutes"},"schema":{"@context":"https:\/\/schema.org","@graph":[{"@type":"Article","@id":"https:\/\/nashernews.com\/lisbon-asks-what-readings-future-holds\/#article","isPartOf":{"@id":"https:\/\/nashernews.com\/lisbon-asks-what-readings-future-holds\/"},"author":{"name":"Husam Abu Jbara","@id":"https:\/\/nashernews.com\/ar\/#\/schema\/person\/29dcf4c183ee0833f4146ae7ea4221ba"},"headline":"Lisbonne S&rsquo;Interroge Sur L&rsquo;Avenir De La Lecture","datePublished":"2026-09-02T09:14:45+00:00","mainEntityOfPage":{"@id":"https:\/\/nashernews.com\/lisbon-asks-what-readings-future-holds\/"},"wordCount":403,"image":{"@id":"https:\/\/nashernews.com\/lisbon-asks-what-readings-future-holds\/#primaryimage"},"thumbnailUrl":"https:\/\/nashernews.com\/wp-content\/uploads\/2026\/09\/Nasher-Lisbon-to-Host-WEB.jpg","articleSection":["Actualit\u00e9s"],"inLanguage":"fr-FR"},{"@type":"WebPage","@id":"https:\/\/nashernews.com\/lisbon-asks-what-readings-future-holds\/","url":"https:\/\/nashernews.com\/lisbon-asks-what-readings-future-holds\/","name":"Lisbonne S'Interroge Sur L'Avenir De La Lecture - Nasher News","isPartOf":{"@id":"https:\/\/nashernews.com\/ar\/#website"},"primaryImageOfPage":{"@id":"https:\/\/nashernews.com\/lisbon-asks-what-readings-future-holds\/#primaryimage"},"image":{"@id":"https:\/\/nashernews.com\/lisbon-asks-what-readings-future-holds\/#primaryimage"},"thumbnailUrl":"https:\/\/nashernews.com\/wp-content\/uploads\/2026\/09\/Nasher-Lisbon-to-Host-WEB.jpg","datePublished":"2026-09-02T09:14:45+00:00","author":{"@id":"https:\/\/nashernews.com\/ar\/#\/schema\/person\/29dcf4c183ee0833f4146ae7ea4221ba"},"breadcrumb":{"@id":"https:\/\/nashernews.com\/lisbon-asks-what-readings-future-holds\/#breadcrumb"},"inLanguage":"fr-FR","potentialAction":[{"@type":"ReadAction","target":["https:\/\/nashernews.com\/lisbon-asks-what-readings-future-holds\/"]}]},{"@type":"ImageObject","inLanguage":"fr-FR","@id":"https:\/\/nashernews.com\/lisbon-asks-what-readings-future-holds\/#primaryimage","url":"https:\/\/nashernews.com\/wp-content\/uploads\/2026\/09\/Nasher-Lisbon-to-Host-WEB.jpg","contentUrl":"https:\/\/nashernews.com\/wp-content\/uploads\/2026\/09\/Nasher-Lisbon-to-Host-WEB.jpg","width":960,"height":600},{"@type":"BreadcrumbList","@id":"https:\/\/nashernews.com\/lisbon-asks-what-readings-future-holds\/#breadcrumb","itemListElement":[{"@type":"ListItem","position":1,"name":"Home","item":"https:\/\/nashernews.com\/ar\/"},{"@type":"ListItem","position":2,"name":"Lisbonne S&rsquo;Interroge Sur L&rsquo;Avenir De La Lecture"}]},{"@type":"WebSite","@id":"https:\/\/nashernews.com\/ar\/#website","url":"https:\/\/nashernews.com\/ar\/","name":"Nasher News","description":"World&#039;s first professional hub for Arab Publishers","potentialAction":[{"@type":"SearchAction","target":{"@type":"EntryPoint","urlTemplate":"https:\/\/nashernews.com\/ar\/?s={search_term_string}"},"query-input":{"@type":"PropertyValueSpecification","valueRequired":true,"valueName":"search_term_string"}}],"inLanguage":"fr-FR"},{"@type":"Person","@id":"https:\/\/nashernews.com\/ar\/#\/schema\/person\/29dcf4c183ee0833f4146ae7ea4221ba","name":"Husam Abu Jbara","image":{"@type":"ImageObject","inLanguage":"fr-FR","@id":"https:\/\/nashernews.com\/wp-content\/uploads\/2022\/04\/Husam-AbuJbara-3-copy-96x96.jpg","url":"https:\/\/nashernews.com\/wp-content\/uploads\/2022\/04\/Husam-AbuJbara-3-copy-96x96.jpg","contentUrl":"https:\/\/nashernews.com\/wp-content\/uploads\/2022\/04\/Husam-AbuJbara-3-copy-96x96.jpg","caption":"Husam Abu Jbara"},"url":"https:\/\/nashernews.com\/fr\/author\/husam\/"}]}},"_links":{"self":[{"href":"https:\/\/nashernews.com\/fr\/wp-json\/wp\/v2\/posts\/27191","targetHints":{"allow":["GET"]}}],"collection":[{"href":"https:\/\/nashernews.com\/fr\/wp-json\/wp\/v2\/posts"}],"about":[{"href":"https:\/\/nashernews.com\/fr\/wp-json\/wp\/v2\/types\/post"}],"author":[{"embeddable":true,"href":"https:\/\/nashernews.com\/fr\/wp-json\/wp\/v2\/users\/12"}],"replies":[{"embeddable":true,"href":"https:\/\/nashernews.com\/fr\/wp-json\/wp\/v2\/comments?post=27191"}],"version-history":[{"count":0,"href":"https:\/\/nashernews.com\/fr\/wp-json\/wp\/v2\/posts\/27191\/revisions"}],"wp:featuredmedia":[{"embeddable":true,"href":"https:\/\/nashernews.com\/fr\/wp-json\/wp\/v2\/media\/27187"}],"wp:attachment":[{"href":"https:\/\/nashernews.com\/fr\/wp-json\/wp\/v2\/media?parent=27191"}],"wp:term":[{"taxonomy":"category","embeddable":true,"href":"https:\/\/nashernews.com\/fr\/wp-json\/wp\/v2\/categories?post=27191"},{"taxonomy":"post_tag","embeddable":true,"href":"https:\/\/nashernews.com\/fr\/wp-json\/wp\/v2\/tags?post=27191"}],"curies":[{"name":"wp","href":"https:\/\/api.w.org\/{rel}","templated":true}]}}