{"id":26590,"date":"2026-04-28T19:59:21","date_gmt":"2026-04-28T15:59:21","guid":{"rendered":"https:\/\/nashernews.com\/une-initiative-mondiale-pour-lalphabetisation-lancee-a-rabat\/"},"modified":"2026-04-28T19:59:21","modified_gmt":"2026-04-28T15:59:21","slug":"une-initiative-mondiale-pour-lalphabetisation-lancee-a-rabat","status":"publish","type":"post","link":"https:\/\/nashernews.com\/fr\/une-initiative-mondiale-pour-lalphabetisation-lancee-a-rabat\/","title":{"rendered":"Une Initiative Mondiale Pour L&rsquo;Alphab\u00e9tisation Lanc\u00e9e \u00c0 Rabat."},"content":{"rendered":"<p><b>Rabat C\u00e9l\u00e8bre Le Savoir : L&rsquo;UNESCO Et La Cheikha Bodour Al Qasimi Unissent Leurs Forces Pour L&rsquo;Avenir De La Lecture<\/b><\/p>\n<p><span style=\"font-weight: 400;\">Son Altesse Cheikha Bodour bint Sultan Al Qasimi, Ambassadrice de bonne volont\u00e9 de l&rsquo;UNESCO pour l&rsquo;\u00e9ducation et la culture du livre, a inaugur\u00e9 la campagne mondiale \u00ab Lire pour l&rsquo;avenir \u00bb en collaboration avec l&rsquo;UNESCO. Cet \u00e9v\u00e9nement majeur s&rsquo;est d\u00e9roul\u00e9 \u00e0 l&rsquo;occasion des c\u00e9l\u00e9brations actuelles de Rabat, ville d\u00e9sign\u00e9e Capitale mondiale du livre 2026. Cette initiative globale a pour but de promouvoir l&rsquo;alphab\u00e9tisation des jeunes et d&rsquo;\u00e9riger la lecture en v\u00e9ritable pilier de l&rsquo;\u00e9ducation, de la cr\u00e9ativit\u00e9 et de l&rsquo;int\u00e9gration \u00e0 l&rsquo;\u00e9conomie du savoir. Le projet s&rsquo;appuie sur des partenariats avec des institutions \u00e9ducatives et culturelles, des \u00e9diteurs et des d\u00e9cideurs politiques. Il soutient \u00e9galement l&rsquo;Objectif de d\u00e9veloppement durable num\u00e9ro quatre des Nations Unies, afin d&rsquo;\u00e9largir l&rsquo;acc\u00e8s \u00e9quitable \u00e0 la connaissance. Lors d&rsquo;une c\u00e9r\u00e9monie anim\u00e9e par Mohamed Mehdi Bensaid, ministre marocain de la Jeunesse, de la Culture et de la Communication, Son Altesse a rappel\u00e9 que l&rsquo;avenir des soci\u00e9t\u00e9s ne se construit pas uniquement par le savoir, mais par la capacit\u00e9 \u00e0 le lire, \u00e0 l&rsquo;interpr\u00e9ter et \u00e0 le transformer en une conscience active. Elle a mis en \u00e9vidence la n\u00e9cessit\u00e9 de mobiliser la communaut\u00e9 internationale face aux d\u00e9fis de l&rsquo;\u00e9ducation, alors que deux cent quarante-quatre millions d&rsquo;enfants restent d\u00e9scolaris\u00e9s et que pr\u00e8s de soixante-dix pour cent des \u00e9l\u00e8ves dans les pays \u00e0 faible revenu ne parviennent pas \u00e0 lire un texte basique \u00e0 l&rsquo;\u00e2ge de dix ans. Elle a affirm\u00e9 que les civilisations se sont b\u00e2ties gr\u00e2ce aux biblioth\u00e8ques et qu&rsquo;un investissement litt\u00e9raire repr\u00e9sente un engagement absolu pour \u00e9veiller les consciences.<\/span><\/p>\n<p><span style=\"font-weight: 400;\">En parall\u00e8le, la conf\u00e9renci\u00e8re a lanc\u00e9 le projet culturel mondial \u00ab Jeunes voix des capitales mondiales du livre \u00bb. Ce programme invitera des passionn\u00e9s de dix-huit \u00e0 trente ans du monde entier \u00e0 soumettre des nouvelles, des essais, des po\u00e8mes et des r\u00e9flexions sur la litt\u00e9rature et la soci\u00e9t\u00e9. Chaque ann\u00e9e, un comit\u00e9 s\u00e9lectionnera cinq jeunes talents pour publier leurs \u0153uvres dans une anthologie soutenue par l&rsquo;UNESCO et les pr\u00e9sentera lors des futurs \u00e9v\u00e9nements du livre. Cette d\u00e9marche a pour ambition d&rsquo;amplifier les voix litt\u00e9raires in\u00e9dites, de connecter les capitales mondiales du livre et de donner \u00e0 la jeunesse le pouvoir de l&rsquo;expression. Charaf Ahmimed, directeur du bureau r\u00e9gional de l&rsquo;UNESCO pour le Maghreb, a d\u00e9clar\u00e9 \u00e0 cette occasion que les ouvrages ne sont pas des vestiges du pass\u00e9, mais des outils essentiels pour b\u00e2tir l&rsquo;avenir. Il a pr\u00e9cis\u00e9 que le r\u00e9cit reste l&rsquo;une des r\u00e9ponses les plus fortes aux d\u00e9fis de notre \u00e9poque et que les prochaines g\u00e9n\u00e9rations doivent \u00e9crire leur propre destin. Dans cette m\u00eame dynamique, Oussama Benjelloun a anim\u00e9 une table ronde intitul\u00e9e \u00ab Imaginer de meilleurs avenirs : comment la litt\u00e9rature nous aide \u00e0 naviguer dans l&rsquo;incertitude et \u00e0 trouver l&rsquo;espoir \u00bb. Cette discussion a rassembl\u00e9 Farid Chafiki, expert en politiques \u00e9ducatives, et les autrices Racha Belokda et Kawtar El Qorchi pour examiner la mani\u00e8re dont la cr\u00e9ativit\u00e9 oriente les perspectives de notre monde au milieu des mutations culturelles.<\/span><\/p>\n<p><span style=\"font-weight: 400;\">Ces nouvelles annonces s&rsquo;inscrivent dans la continuit\u00e9 de l&rsquo;initiative de la Capitale mondiale du livre, inaugur\u00e9e par l&rsquo;UNESCO en 2001. Ce programme d\u00e9signe des villes \u00e0 travers le globe dans le but d&rsquo;encourager l&rsquo;alphab\u00e9tisation, l&rsquo;apprentissage continu, la protection des droits d&rsquo;auteur et la libert\u00e9 d&rsquo;expression, avec la ville de Medell\u00edn en Colombie d\u00e9j\u00e0 s\u00e9lectionn\u00e9e pour l&rsquo;\u00e9dition 2027. L&rsquo;Organisation des Nations Unies pour l&rsquo;\u00e9ducation, la science et la culture, qui compte cent quatre-vingt-quatorze \u00c9tats membres, contribue \u00e0 la paix et \u00e0 la s\u00e9curit\u00e9 mondiales gr\u00e2ce \u00e0 une coop\u00e9ration multilat\u00e9rale. Bas\u00e9e \u00e0 Paris et dirig\u00e9e par Khaled El-Enany, l&rsquo;organisation dispose de bureaux dans cinquante-quatre pays et emploie plus de deux mille trois cents personnes. Elle supervise plus de deux mille sites du patrimoine mondial, des r\u00e9serves de biosph\u00e8re, des g\u00e9oparcs, ainsi qu&rsquo;un vaste r\u00e9seau de plus de treize mille \u00e9coles associ\u00e9es, chaires universitaires et villes cr\u00e9atives. L&rsquo;ensemble de ces efforts mondiaux refl\u00e8te parfaitement la c\u00e9l\u00e8bre citation de la constitution de l&rsquo;institution r\u00e9dig\u00e9e en 1945. Ce texte historique rappelle en effet que les guerres prennent naissance dans l&rsquo;esprit des hommes, et que c&rsquo;est donc dans l&rsquo;esprit des hommes que les d\u00e9fenses de la paix doivent \u00eatre \u00e9rig\u00e9es.<\/span><\/p>\n<p>&nbsp;<\/p>\n","protected":false},"excerpt":{"rendered":"<p>Rabat C\u00e9l\u00e8bre Le Savoir : L&rsquo;UNESCO Et La Cheikha Bodour Al Qasimi Unissent Leurs Forces Pour L&rsquo;Avenir De La Lecture Son Altesse Cheikha Bodour bint Sultan Al Qasimi, Ambassadrice de bonne volont\u00e9 de l&rsquo;UNESCO pour l&rsquo;\u00e9ducation et la culture du livre, a inaugur\u00e9 la campagne mondiale \u00ab Lire pour l&rsquo;avenir \u00bb en collaboration avec l&rsquo;UNESCO. [&hellip;]<\/p>\n","protected":false},"author":34,"featured_media":26586,"comment_status":"closed","ping_status":"open","sticky":false,"template":"","format":"standard","meta":{"_acf_changed":false,"_et_pb_use_builder":"","_et_pb_old_content":"","_et_gb_content_width":"","footnotes":""},"categories":[106],"tags":[],"class_list":["post-26590","post","type-post","status-publish","format-standard","has-post-thumbnail","hentry","category-non-classifiee","et-has-post-format-content","et_post_format-et-post-format-standard"],"acf":[],"yoast_head":"<!-- This site is optimized with the Yoast SEO plugin v26.9 - https:\/\/yoast.com\/product\/yoast-seo-wordpress\/ -->\n<title>Une Initiative Mondiale Pour L&#039;Alphab\u00e9tisation Lanc\u00e9e \u00c0 Rabat. - Nasher News<\/title>\n<meta name=\"robots\" content=\"index, follow, max-snippet:-1, max-image-preview:large, max-video-preview:-1\" \/>\n<link rel=\"canonical\" href=\"https:\/\/nashernews.com\/26583\/\" \/>\n<meta property=\"og:locale\" content=\"fr_FR\" \/>\n<meta property=\"og:type\" content=\"article\" \/>\n<meta property=\"og:title\" content=\"Une Initiative Mondiale Pour L&#039;Alphab\u00e9tisation Lanc\u00e9e \u00c0 Rabat. - Nasher News\" \/>\n<meta property=\"og:description\" content=\"Rabat C\u00e9l\u00e8bre Le Savoir : L&rsquo;UNESCO Et La Cheikha Bodour Al Qasimi Unissent Leurs Forces Pour L&rsquo;Avenir De La Lecture Son Altesse Cheikha Bodour bint Sultan Al Qasimi, Ambassadrice de bonne volont\u00e9 de l&rsquo;UNESCO pour l&rsquo;\u00e9ducation et la culture du livre, a inaugur\u00e9 la campagne mondiale \u00ab Lire pour l&rsquo;avenir \u00bb en collaboration avec l&rsquo;UNESCO. [&hellip;]\" \/>\n<meta property=\"og:url\" content=\"https:\/\/nashernews.com\/26583\/\" \/>\n<meta property=\"og:site_name\" content=\"Nasher News\" \/>\n<meta property=\"article:published_time\" content=\"2026-04-28T15:59:21+00:00\" \/>\n<meta property=\"og:image\" content=\"https:\/\/nashernews.com\/wp-content\/uploads\/2026\/04\/WebsitePost610.png\" \/>\n\t<meta property=\"og:image:width\" content=\"960\" \/>\n\t<meta property=\"og:image:height\" content=\"600\" \/>\n\t<meta property=\"og:image:type\" content=\"image\/png\" \/>\n<meta name=\"author\" content=\"Nasher News\" \/>\n<meta name=\"twitter:card\" content=\"summary_large_image\" \/>\n<meta name=\"twitter:label1\" content=\"\u00c9crit par\" \/>\n\t<meta name=\"twitter:data1\" content=\"Nasher News\" \/>\n\t<meta name=\"twitter:label2\" content=\"Dur\u00e9e de lecture estim\u00e9e\" \/>\n\t<meta name=\"twitter:data2\" content=\"4 minutes\" \/>\n<script type=\"application\/ld+json\" class=\"yoast-schema-graph\">{\"@context\":\"https:\/\/schema.org\",\"@graph\":[{\"@type\":\"Article\",\"@id\":\"https:\/\/nashernews.com\/26583\/#article\",\"isPartOf\":{\"@id\":\"https:\/\/nashernews.com\/26583\/\"},\"author\":{\"name\":\"Nasher News\",\"@id\":\"https:\/\/nashernews.com\/ar\/#\/schema\/person\/8eb355323077b6b4d85b2e161bafd5fe\"},\"headline\":\"Une Initiative Mondiale Pour L&rsquo;Alphab\u00e9tisation Lanc\u00e9e \u00c0 Rabat.\",\"datePublished\":\"2026-04-28T15:59:21+00:00\",\"mainEntityOfPage\":{\"@id\":\"https:\/\/nashernews.com\/26583\/\"},\"wordCount\":816,\"image\":{\"@id\":\"https:\/\/nashernews.com\/26583\/#primaryimage\"},\"thumbnailUrl\":\"https:\/\/nashernews.com\/wp-content\/uploads\/2026\/04\/WebsitePost610.png\",\"articleSection\":[\"Actualit\u00e9s\"],\"inLanguage\":\"fr-FR\"},{\"@type\":\"WebPage\",\"@id\":\"https:\/\/nashernews.com\/26583\/\",\"url\":\"https:\/\/nashernews.com\/26583\/\",\"name\":\"Une Initiative Mondiale Pour L'Alphab\u00e9tisation Lanc\u00e9e \u00c0 Rabat. - Nasher News\",\"isPartOf\":{\"@id\":\"https:\/\/nashernews.com\/ar\/#website\"},\"primaryImageOfPage\":{\"@id\":\"https:\/\/nashernews.com\/26583\/#primaryimage\"},\"image\":{\"@id\":\"https:\/\/nashernews.com\/26583\/#primaryimage\"},\"thumbnailUrl\":\"https:\/\/nashernews.com\/wp-content\/uploads\/2026\/04\/WebsitePost610.png\",\"datePublished\":\"2026-04-28T15:59:21+00:00\",\"author\":{\"@id\":\"https:\/\/nashernews.com\/ar\/#\/schema\/person\/8eb355323077b6b4d85b2e161bafd5fe\"},\"breadcrumb\":{\"@id\":\"https:\/\/nashernews.com\/26583\/#breadcrumb\"},\"inLanguage\":\"fr-FR\",\"potentialAction\":[{\"@type\":\"ReadAction\",\"target\":[\"https:\/\/nashernews.com\/26583\/\"]}]},{\"@type\":\"ImageObject\",\"inLanguage\":\"fr-FR\",\"@id\":\"https:\/\/nashernews.com\/26583\/#primaryimage\",\"url\":\"https:\/\/nashernews.com\/wp-content\/uploads\/2026\/04\/WebsitePost610.png\",\"contentUrl\":\"https:\/\/nashernews.com\/wp-content\/uploads\/2026\/04\/WebsitePost610.png\",\"width\":960,\"height\":600},{\"@type\":\"BreadcrumbList\",\"@id\":\"https:\/\/nashernews.com\/26583\/#breadcrumb\",\"itemListElement\":[{\"@type\":\"ListItem\",\"position\":1,\"name\":\"Home\",\"item\":\"https:\/\/nashernews.com\/ar\/\"},{\"@type\":\"ListItem\",\"position\":2,\"name\":\"Une Initiative Mondiale Pour L&rsquo;Alphab\u00e9tisation Lanc\u00e9e \u00c0 Rabat.\"}]},{\"@type\":\"WebSite\",\"@id\":\"https:\/\/nashernews.com\/ar\/#website\",\"url\":\"https:\/\/nashernews.com\/ar\/\",\"name\":\"Nasher News\",\"description\":\"World&#039;s first professional hub for Arab Publishers\",\"potentialAction\":[{\"@type\":\"SearchAction\",\"target\":{\"@type\":\"EntryPoint\",\"urlTemplate\":\"https:\/\/nashernews.com\/ar\/?s={search_term_string}\"},\"query-input\":{\"@type\":\"PropertyValueSpecification\",\"valueRequired\":true,\"valueName\":\"search_term_string\"}}],\"inLanguage\":\"fr-FR\"},{\"@type\":\"Person\",\"@id\":\"https:\/\/nashernews.com\/ar\/#\/schema\/person\/8eb355323077b6b4d85b2e161bafd5fe\",\"name\":\"Nasher News\",\"image\":{\"@type\":\"ImageObject\",\"inLanguage\":\"fr-FR\",\"@id\":\"https:\/\/nashernews.com\/ar\/#\/schema\/person\/image\/\",\"url\":\"https:\/\/secure.gravatar.com\/avatar\/5871b7e78e57da091cfeee9f9c4fb36f65ea2455dc9de0bdb53d5ea41cdce372?s=96&d=mm&r=g\",\"contentUrl\":\"https:\/\/secure.gravatar.com\/avatar\/5871b7e78e57da091cfeee9f9c4fb36f65ea2455dc9de0bdb53d5ea41cdce372?s=96&d=mm&r=g\",\"caption\":\"Nasher News\"},\"url\":\"https:\/\/nashernews.com\/fr\/author\/adminnasher\/\"}]}<\/script>\n<!-- \/ Yoast SEO plugin. -->","yoast_head_json":{"title":"Une Initiative Mondiale Pour L'Alphab\u00e9tisation Lanc\u00e9e \u00c0 Rabat. - Nasher News","robots":{"index":"index","follow":"follow","max-snippet":"max-snippet:-1","max-image-preview":"max-image-preview:large","max-video-preview":"max-video-preview:-1"},"canonical":"https:\/\/nashernews.com\/26583\/","og_locale":"fr_FR","og_type":"article","og_title":"Une Initiative Mondiale Pour L'Alphab\u00e9tisation Lanc\u00e9e \u00c0 Rabat. - Nasher News","og_description":"Rabat C\u00e9l\u00e8bre Le Savoir : L&rsquo;UNESCO Et La Cheikha Bodour Al Qasimi Unissent Leurs Forces Pour L&rsquo;Avenir De La Lecture Son Altesse Cheikha Bodour bint Sultan Al Qasimi, Ambassadrice de bonne volont\u00e9 de l&rsquo;UNESCO pour l&rsquo;\u00e9ducation et la culture du livre, a inaugur\u00e9 la campagne mondiale \u00ab Lire pour l&rsquo;avenir \u00bb en collaboration avec l&rsquo;UNESCO. [&hellip;]","og_url":"https:\/\/nashernews.com\/26583\/","og_site_name":"Nasher News","article_published_time":"2026-04-28T15:59:21+00:00","og_image":[{"width":960,"height":600,"url":"https:\/\/nashernews.com\/wp-content\/uploads\/2026\/04\/WebsitePost610.png","type":"image\/png"}],"author":"Nasher News","twitter_card":"summary_large_image","twitter_misc":{"\u00c9crit par":"Nasher News","Dur\u00e9e de lecture estim\u00e9e":"4 minutes"},"schema":{"@context":"https:\/\/schema.org","@graph":[{"@type":"Article","@id":"https:\/\/nashernews.com\/26583\/#article","isPartOf":{"@id":"https:\/\/nashernews.com\/26583\/"},"author":{"name":"Nasher News","@id":"https:\/\/nashernews.com\/ar\/#\/schema\/person\/8eb355323077b6b4d85b2e161bafd5fe"},"headline":"Une Initiative Mondiale Pour L&rsquo;Alphab\u00e9tisation Lanc\u00e9e \u00c0 Rabat.","datePublished":"2026-04-28T15:59:21+00:00","mainEntityOfPage":{"@id":"https:\/\/nashernews.com\/26583\/"},"wordCount":816,"image":{"@id":"https:\/\/nashernews.com\/26583\/#primaryimage"},"thumbnailUrl":"https:\/\/nashernews.com\/wp-content\/uploads\/2026\/04\/WebsitePost610.png","articleSection":["Actualit\u00e9s"],"inLanguage":"fr-FR"},{"@type":"WebPage","@id":"https:\/\/nashernews.com\/26583\/","url":"https:\/\/nashernews.com\/26583\/","name":"Une Initiative Mondiale Pour L'Alphab\u00e9tisation Lanc\u00e9e \u00c0 Rabat. - Nasher News","isPartOf":{"@id":"https:\/\/nashernews.com\/ar\/#website"},"primaryImageOfPage":{"@id":"https:\/\/nashernews.com\/26583\/#primaryimage"},"image":{"@id":"https:\/\/nashernews.com\/26583\/#primaryimage"},"thumbnailUrl":"https:\/\/nashernews.com\/wp-content\/uploads\/2026\/04\/WebsitePost610.png","datePublished":"2026-04-28T15:59:21+00:00","author":{"@id":"https:\/\/nashernews.com\/ar\/#\/schema\/person\/8eb355323077b6b4d85b2e161bafd5fe"},"breadcrumb":{"@id":"https:\/\/nashernews.com\/26583\/#breadcrumb"},"inLanguage":"fr-FR","potentialAction":[{"@type":"ReadAction","target":["https:\/\/nashernews.com\/26583\/"]}]},{"@type":"ImageObject","inLanguage":"fr-FR","@id":"https:\/\/nashernews.com\/26583\/#primaryimage","url":"https:\/\/nashernews.com\/wp-content\/uploads\/2026\/04\/WebsitePost610.png","contentUrl":"https:\/\/nashernews.com\/wp-content\/uploads\/2026\/04\/WebsitePost610.png","width":960,"height":600},{"@type":"BreadcrumbList","@id":"https:\/\/nashernews.com\/26583\/#breadcrumb","itemListElement":[{"@type":"ListItem","position":1,"name":"Home","item":"https:\/\/nashernews.com\/ar\/"},{"@type":"ListItem","position":2,"name":"Une Initiative Mondiale Pour L&rsquo;Alphab\u00e9tisation Lanc\u00e9e \u00c0 Rabat."}]},{"@type":"WebSite","@id":"https:\/\/nashernews.com\/ar\/#website","url":"https:\/\/nashernews.com\/ar\/","name":"Nasher News","description":"World&#039;s first professional hub for Arab Publishers","potentialAction":[{"@type":"SearchAction","target":{"@type":"EntryPoint","urlTemplate":"https:\/\/nashernews.com\/ar\/?s={search_term_string}"},"query-input":{"@type":"PropertyValueSpecification","valueRequired":true,"valueName":"search_term_string"}}],"inLanguage":"fr-FR"},{"@type":"Person","@id":"https:\/\/nashernews.com\/ar\/#\/schema\/person\/8eb355323077b6b4d85b2e161bafd5fe","name":"Nasher News","image":{"@type":"ImageObject","inLanguage":"fr-FR","@id":"https:\/\/nashernews.com\/ar\/#\/schema\/person\/image\/","url":"https:\/\/secure.gravatar.com\/avatar\/5871b7e78e57da091cfeee9f9c4fb36f65ea2455dc9de0bdb53d5ea41cdce372?s=96&d=mm&r=g","contentUrl":"https:\/\/secure.gravatar.com\/avatar\/5871b7e78e57da091cfeee9f9c4fb36f65ea2455dc9de0bdb53d5ea41cdce372?s=96&d=mm&r=g","caption":"Nasher News"},"url":"https:\/\/nashernews.com\/fr\/author\/adminnasher\/"}]}},"_links":{"self":[{"href":"https:\/\/nashernews.com\/fr\/wp-json\/wp\/v2\/posts\/26590","targetHints":{"allow":["GET"]}}],"collection":[{"href":"https:\/\/nashernews.com\/fr\/wp-json\/wp\/v2\/posts"}],"about":[{"href":"https:\/\/nashernews.com\/fr\/wp-json\/wp\/v2\/types\/post"}],"author":[{"embeddable":true,"href":"https:\/\/nashernews.com\/fr\/wp-json\/wp\/v2\/users\/34"}],"replies":[{"embeddable":true,"href":"https:\/\/nashernews.com\/fr\/wp-json\/wp\/v2\/comments?post=26590"}],"version-history":[{"count":0,"href":"https:\/\/nashernews.com\/fr\/wp-json\/wp\/v2\/posts\/26590\/revisions"}],"wp:featuredmedia":[{"embeddable":true,"href":"https:\/\/nashernews.com\/fr\/wp-json\/wp\/v2\/media\/26586"}],"wp:attachment":[{"href":"https:\/\/nashernews.com\/fr\/wp-json\/wp\/v2\/media?parent=26590"}],"wp:term":[{"taxonomy":"category","embeddable":true,"href":"https:\/\/nashernews.com\/fr\/wp-json\/wp\/v2\/categories?post=26590"},{"taxonomy":"post_tag","embeddable":true,"href":"https:\/\/nashernews.com\/fr\/wp-json\/wp\/v2\/tags?post=26590"}],"curies":[{"name":"wp","href":"https:\/\/api.w.org\/{rel}","templated":true}]}}