{"id":26301,"date":"2026-03-09T13:20:50","date_gmt":"2026-03-09T09:20:50","guid":{"rendered":"https:\/\/nashernews.com\/comment-les-salons-du-livre-relient-les-nations\/"},"modified":"2026-03-09T13:20:50","modified_gmt":"2026-03-09T09:20:50","slug":"comment-les-salons-du-livre-relient-les-nations","status":"publish","type":"post","link":"https:\/\/nashernews.com\/fr\/comment-les-salons-du-livre-relient-les-nations\/","title":{"rendered":"Comment Les Salons Du Livre Relient Les Nations"},"content":{"rendered":"<p><span style=\"font-weight: 400;\">Les salons du livre \u00e0 travers le monde ne se limitent plus \u00e0 des rendez-vous saisonniers consacr\u00e9s au lancement de nouveaux titres ou \u00e0 la rencontre entre auteurs et lecteurs. Au fil des derni\u00e8res d\u00e9cennies, ils se sont impos\u00e9s comme des espaces \u00e9largis de diplomatie culturelle et d\u2019\u00e9change intellectuel entre les nations. Lors de manifestations majeures telles que le Salon du livre de Francfort, le Salon international du livre de Sharjah ou le Salon du livre de Londres, le livre n\u2019occupe plus seul le centre de l\u2019attention. Ces rassemblements constituent d\u00e9sormais des lieux o\u00f9 institutions culturelles, \u00e9diteurs et intellectuels \u00e9tablissent des partenariats dont l\u2019influence d\u00e9passe largement le cadre de l\u2019industrie \u00e9ditoriale. Les salons du livre prennent ainsi l\u2019allure de forums internationaux de dialogue culturel, au sein desquels s\u2019examinent des questions telles que l\u2019identit\u00e9, la traduction, la libert\u00e9 d\u2019expression et l\u2019avenir du savoir.<\/span><\/p>\n<p><span style=\"font-weight: 400;\">Cette \u00e9volution r\u00e9sulte d\u2019une prise de conscience croissante du r\u00f4le de la culture dans les relations internationales. Le Salon du livre de Francfort, souvent consid\u00e9r\u00e9 comme le plus grand rendez-vous mondial de l\u2019\u00e9dition, illustre clairement cette dimension. Chaque ann\u00e9e, il accueille des milliers d\u2019\u00e9diteurs issus de plus d\u2019une centaine de pays et accorde une place particuli\u00e8re au programme de l\u2019\u00ab invit\u00e9 d\u2019honneur \u00bb. Ce dispositif offre \u00e0 un pays l\u2019occasion de pr\u00e9senter sa litt\u00e9rature, son patrimoine et ses expressions artistiques \u00e0 travers un vaste programme culturel qui comprend d\u00e9bats, rencontres litt\u00e9raires et expositions. La participation \u00e0 un tel \u00e9v\u00e9nement acquiert ainsi une port\u00e9e strat\u00e9gique et permet aux nations de faire conna\u00eetre leurs r\u00e9cits, leurs imaginaires et leurs traditions intellectuelles \u00e0 un public international.<\/span><\/p>\n<p><span style=\"font-weight: 400;\">Dans le monde arabe, les salons du livre occupent \u00e9galement une position centrale dans la dynamique des \u00e9changes culturels r\u00e9gionaux et internationaux. Le Salon international du livre de Sharjah s\u2019est impos\u00e9 ces derni\u00e8res ann\u00e9es parmi les plus importants du monde par l\u2019ampleur des \u00e9changes de droits et par le nombre de visiteurs qu\u2019il attire. Chaque \u00e9dition accueille des centaines d\u2019\u00e9crivains et de penseurs et r\u00e9unit des \u00e9diteurs venus de nombreux pays. Toutefois, la port\u00e9e de ces manifestations d\u00e9passe largement la simple exposition d\u2019ouvrages. Elles abritent aussi des conf\u00e9rences professionnelles pour l\u2019industrie du livre et encouragent les programmes de traduction et d\u2019\u00e9change de droits, ce qui favorise la constitution de r\u00e9seaux de coop\u00e9ration culturelle et \u00e9conomique entre \u00e9diteurs et institutions \u00e0 l\u2019\u00e9chelle mondiale.<\/span><\/p>\n<p>&nbsp;<\/p>\n","protected":false},"excerpt":{"rendered":"<p>Les salons du livre \u00e0 travers le monde ne se limitent plus \u00e0 des rendez-vous saisonniers consacr\u00e9s au lancement de nouveaux titres ou \u00e0 la rencontre entre auteurs et lecteurs. Au fil des derni\u00e8res d\u00e9cennies, ils se sont impos\u00e9s comme des espaces \u00e9largis de diplomatie culturelle et d\u2019\u00e9change intellectuel entre les nations. Lors de manifestations [&hellip;]<\/p>\n","protected":false},"author":12,"featured_media":26298,"comment_status":"closed","ping_status":"open","sticky":false,"template":"","format":"standard","meta":{"_acf_changed":false,"_et_pb_use_builder":"","_et_pb_old_content":"","_et_gb_content_width":"","footnotes":""},"categories":[111],"tags":[],"class_list":["post-26301","post","type-post","status-publish","format-standard","has-post-thumbnail","hentry","category-articles-and-reportages","et-has-post-format-content","et_post_format-et-post-format-standard"],"acf":[],"yoast_head":"<!-- This site is optimized with the Yoast SEO plugin v26.9 - https:\/\/yoast.com\/product\/yoast-seo-wordpress\/ -->\n<title>Comment Les Salons Du Livre Relient Les Nations - Nasher News<\/title>\n<meta name=\"robots\" content=\"index, follow, max-snippet:-1, max-image-preview:large, max-video-preview:-1\" \/>\n<link rel=\"canonical\" href=\"https:\/\/nashernews.com\/how-book-fairs-connect-nations\/\" \/>\n<meta property=\"og:locale\" content=\"fr_FR\" \/>\n<meta property=\"og:type\" content=\"article\" \/>\n<meta property=\"og:title\" content=\"Comment Les Salons Du Livre Relient Les Nations - Nasher News\" \/>\n<meta property=\"og:description\" content=\"Les salons du livre \u00e0 travers le monde ne se limitent plus \u00e0 des rendez-vous saisonniers consacr\u00e9s au lancement de nouveaux titres ou \u00e0 la rencontre entre auteurs et lecteurs. Au fil des derni\u00e8res d\u00e9cennies, ils se sont impos\u00e9s comme des espaces \u00e9largis de diplomatie culturelle et d\u2019\u00e9change intellectuel entre les nations. Lors de manifestations [&hellip;]\" \/>\n<meta property=\"og:url\" content=\"https:\/\/nashernews.com\/how-book-fairs-connect-nations\/\" \/>\n<meta property=\"og:site_name\" content=\"Nasher News\" \/>\n<meta property=\"article:published_time\" content=\"2026-03-09T09:20:50+00:00\" \/>\n<meta property=\"og:image\" content=\"https:\/\/nashernews.com\/wp-content\/uploads\/2026\/03\/WebsitePost570.png\" \/>\n\t<meta property=\"og:image:width\" content=\"960\" \/>\n\t<meta property=\"og:image:height\" content=\"600\" \/>\n\t<meta property=\"og:image:type\" content=\"image\/png\" \/>\n<meta name=\"author\" content=\"Husam Abu Jbara\" \/>\n<meta name=\"twitter:card\" content=\"summary_large_image\" \/>\n<meta name=\"twitter:label1\" content=\"\u00c9crit par\" \/>\n\t<meta name=\"twitter:data1\" content=\"Husam Abu Jbara\" \/>\n\t<meta name=\"twitter:label2\" content=\"Dur\u00e9e de lecture estim\u00e9e\" \/>\n\t<meta name=\"twitter:data2\" content=\"2 minutes\" \/>\n<script type=\"application\/ld+json\" class=\"yoast-schema-graph\">{\"@context\":\"https:\/\/schema.org\",\"@graph\":[{\"@type\":\"Article\",\"@id\":\"https:\/\/nashernews.com\/how-book-fairs-connect-nations\/#article\",\"isPartOf\":{\"@id\":\"https:\/\/nashernews.com\/how-book-fairs-connect-nations\/\"},\"author\":{\"name\":\"Husam Abu Jbara\",\"@id\":\"https:\/\/nashernews.com\/ar\/#\/schema\/person\/29dcf4c183ee0833f4146ae7ea4221ba\"},\"headline\":\"Comment Les Salons Du Livre Relient Les Nations\",\"datePublished\":\"2026-03-09T09:20:50+00:00\",\"mainEntityOfPage\":{\"@id\":\"https:\/\/nashernews.com\/how-book-fairs-connect-nations\/\"},\"wordCount\":440,\"image\":{\"@id\":\"https:\/\/nashernews.com\/how-book-fairs-connect-nations\/#primaryimage\"},\"thumbnailUrl\":\"https:\/\/nashernews.com\/wp-content\/uploads\/2026\/03\/WebsitePost570.png\",\"articleSection\":[\"Articles and Reportages\"],\"inLanguage\":\"fr-FR\"},{\"@type\":\"WebPage\",\"@id\":\"https:\/\/nashernews.com\/how-book-fairs-connect-nations\/\",\"url\":\"https:\/\/nashernews.com\/how-book-fairs-connect-nations\/\",\"name\":\"Comment Les Salons Du Livre Relient Les Nations - Nasher News\",\"isPartOf\":{\"@id\":\"https:\/\/nashernews.com\/ar\/#website\"},\"primaryImageOfPage\":{\"@id\":\"https:\/\/nashernews.com\/how-book-fairs-connect-nations\/#primaryimage\"},\"image\":{\"@id\":\"https:\/\/nashernews.com\/how-book-fairs-connect-nations\/#primaryimage\"},\"thumbnailUrl\":\"https:\/\/nashernews.com\/wp-content\/uploads\/2026\/03\/WebsitePost570.png\",\"datePublished\":\"2026-03-09T09:20:50+00:00\",\"author\":{\"@id\":\"https:\/\/nashernews.com\/ar\/#\/schema\/person\/29dcf4c183ee0833f4146ae7ea4221ba\"},\"breadcrumb\":{\"@id\":\"https:\/\/nashernews.com\/how-book-fairs-connect-nations\/#breadcrumb\"},\"inLanguage\":\"fr-FR\",\"potentialAction\":[{\"@type\":\"ReadAction\",\"target\":[\"https:\/\/nashernews.com\/how-book-fairs-connect-nations\/\"]}]},{\"@type\":\"ImageObject\",\"inLanguage\":\"fr-FR\",\"@id\":\"https:\/\/nashernews.com\/how-book-fairs-connect-nations\/#primaryimage\",\"url\":\"https:\/\/nashernews.com\/wp-content\/uploads\/2026\/03\/WebsitePost570.png\",\"contentUrl\":\"https:\/\/nashernews.com\/wp-content\/uploads\/2026\/03\/WebsitePost570.png\",\"width\":960,\"height\":600},{\"@type\":\"BreadcrumbList\",\"@id\":\"https:\/\/nashernews.com\/how-book-fairs-connect-nations\/#breadcrumb\",\"itemListElement\":[{\"@type\":\"ListItem\",\"position\":1,\"name\":\"Home\",\"item\":\"https:\/\/nashernews.com\/ar\/\"},{\"@type\":\"ListItem\",\"position\":2,\"name\":\"Comment Les Salons Du Livre Relient Les Nations\"}]},{\"@type\":\"WebSite\",\"@id\":\"https:\/\/nashernews.com\/ar\/#website\",\"url\":\"https:\/\/nashernews.com\/ar\/\",\"name\":\"Nasher News\",\"description\":\"World&#039;s first professional hub for Arab Publishers\",\"potentialAction\":[{\"@type\":\"SearchAction\",\"target\":{\"@type\":\"EntryPoint\",\"urlTemplate\":\"https:\/\/nashernews.com\/ar\/?s={search_term_string}\"},\"query-input\":{\"@type\":\"PropertyValueSpecification\",\"valueRequired\":true,\"valueName\":\"search_term_string\"}}],\"inLanguage\":\"fr-FR\"},{\"@type\":\"Person\",\"@id\":\"https:\/\/nashernews.com\/ar\/#\/schema\/person\/29dcf4c183ee0833f4146ae7ea4221ba\",\"name\":\"Husam Abu Jbara\",\"image\":{\"@type\":\"ImageObject\",\"inLanguage\":\"fr-FR\",\"@id\":\"https:\/\/nashernews.com\/ar\/#\/schema\/person\/image\/\",\"url\":\"https:\/\/nashernews.com\/wp-content\/uploads\/2022\/04\/Husam-AbuJbara-3-copy-96x96.jpg\",\"contentUrl\":\"https:\/\/nashernews.com\/wp-content\/uploads\/2022\/04\/Husam-AbuJbara-3-copy-96x96.jpg\",\"caption\":\"Husam Abu Jbara\"},\"url\":\"https:\/\/nashernews.com\/fr\/author\/husam\/\"}]}<\/script>\n<!-- \/ Yoast SEO plugin. -->","yoast_head_json":{"title":"Comment Les Salons Du Livre Relient Les Nations - Nasher News","robots":{"index":"index","follow":"follow","max-snippet":"max-snippet:-1","max-image-preview":"max-image-preview:large","max-video-preview":"max-video-preview:-1"},"canonical":"https:\/\/nashernews.com\/how-book-fairs-connect-nations\/","og_locale":"fr_FR","og_type":"article","og_title":"Comment Les Salons Du Livre Relient Les Nations - Nasher News","og_description":"Les salons du livre \u00e0 travers le monde ne se limitent plus \u00e0 des rendez-vous saisonniers consacr\u00e9s au lancement de nouveaux titres ou \u00e0 la rencontre entre auteurs et lecteurs. Au fil des derni\u00e8res d\u00e9cennies, ils se sont impos\u00e9s comme des espaces \u00e9largis de diplomatie culturelle et d\u2019\u00e9change intellectuel entre les nations. Lors de manifestations [&hellip;]","og_url":"https:\/\/nashernews.com\/how-book-fairs-connect-nations\/","og_site_name":"Nasher News","article_published_time":"2026-03-09T09:20:50+00:00","og_image":[{"width":960,"height":600,"url":"https:\/\/nashernews.com\/wp-content\/uploads\/2026\/03\/WebsitePost570.png","type":"image\/png"}],"author":"Husam Abu Jbara","twitter_card":"summary_large_image","twitter_misc":{"\u00c9crit par":"Husam Abu Jbara","Dur\u00e9e de lecture estim\u00e9e":"2 minutes"},"schema":{"@context":"https:\/\/schema.org","@graph":[{"@type":"Article","@id":"https:\/\/nashernews.com\/how-book-fairs-connect-nations\/#article","isPartOf":{"@id":"https:\/\/nashernews.com\/how-book-fairs-connect-nations\/"},"author":{"name":"Husam Abu Jbara","@id":"https:\/\/nashernews.com\/ar\/#\/schema\/person\/29dcf4c183ee0833f4146ae7ea4221ba"},"headline":"Comment Les Salons Du Livre Relient Les Nations","datePublished":"2026-03-09T09:20:50+00:00","mainEntityOfPage":{"@id":"https:\/\/nashernews.com\/how-book-fairs-connect-nations\/"},"wordCount":440,"image":{"@id":"https:\/\/nashernews.com\/how-book-fairs-connect-nations\/#primaryimage"},"thumbnailUrl":"https:\/\/nashernews.com\/wp-content\/uploads\/2026\/03\/WebsitePost570.png","articleSection":["Articles and Reportages"],"inLanguage":"fr-FR"},{"@type":"WebPage","@id":"https:\/\/nashernews.com\/how-book-fairs-connect-nations\/","url":"https:\/\/nashernews.com\/how-book-fairs-connect-nations\/","name":"Comment Les Salons Du Livre Relient Les Nations - Nasher News","isPartOf":{"@id":"https:\/\/nashernews.com\/ar\/#website"},"primaryImageOfPage":{"@id":"https:\/\/nashernews.com\/how-book-fairs-connect-nations\/#primaryimage"},"image":{"@id":"https:\/\/nashernews.com\/how-book-fairs-connect-nations\/#primaryimage"},"thumbnailUrl":"https:\/\/nashernews.com\/wp-content\/uploads\/2026\/03\/WebsitePost570.png","datePublished":"2026-03-09T09:20:50+00:00","author":{"@id":"https:\/\/nashernews.com\/ar\/#\/schema\/person\/29dcf4c183ee0833f4146ae7ea4221ba"},"breadcrumb":{"@id":"https:\/\/nashernews.com\/how-book-fairs-connect-nations\/#breadcrumb"},"inLanguage":"fr-FR","potentialAction":[{"@type":"ReadAction","target":["https:\/\/nashernews.com\/how-book-fairs-connect-nations\/"]}]},{"@type":"ImageObject","inLanguage":"fr-FR","@id":"https:\/\/nashernews.com\/how-book-fairs-connect-nations\/#primaryimage","url":"https:\/\/nashernews.com\/wp-content\/uploads\/2026\/03\/WebsitePost570.png","contentUrl":"https:\/\/nashernews.com\/wp-content\/uploads\/2026\/03\/WebsitePost570.png","width":960,"height":600},{"@type":"BreadcrumbList","@id":"https:\/\/nashernews.com\/how-book-fairs-connect-nations\/#breadcrumb","itemListElement":[{"@type":"ListItem","position":1,"name":"Home","item":"https:\/\/nashernews.com\/ar\/"},{"@type":"ListItem","position":2,"name":"Comment Les Salons Du Livre Relient Les Nations"}]},{"@type":"WebSite","@id":"https:\/\/nashernews.com\/ar\/#website","url":"https:\/\/nashernews.com\/ar\/","name":"Nasher News","description":"World&#039;s first professional hub for Arab Publishers","potentialAction":[{"@type":"SearchAction","target":{"@type":"EntryPoint","urlTemplate":"https:\/\/nashernews.com\/ar\/?s={search_term_string}"},"query-input":{"@type":"PropertyValueSpecification","valueRequired":true,"valueName":"search_term_string"}}],"inLanguage":"fr-FR"},{"@type":"Person","@id":"https:\/\/nashernews.com\/ar\/#\/schema\/person\/29dcf4c183ee0833f4146ae7ea4221ba","name":"Husam Abu Jbara","image":{"@type":"ImageObject","inLanguage":"fr-FR","@id":"https:\/\/nashernews.com\/ar\/#\/schema\/person\/image\/","url":"https:\/\/nashernews.com\/wp-content\/uploads\/2022\/04\/Husam-AbuJbara-3-copy-96x96.jpg","contentUrl":"https:\/\/nashernews.com\/wp-content\/uploads\/2022\/04\/Husam-AbuJbara-3-copy-96x96.jpg","caption":"Husam Abu Jbara"},"url":"https:\/\/nashernews.com\/fr\/author\/husam\/"}]}},"_links":{"self":[{"href":"https:\/\/nashernews.com\/fr\/wp-json\/wp\/v2\/posts\/26301","targetHints":{"allow":["GET"]}}],"collection":[{"href":"https:\/\/nashernews.com\/fr\/wp-json\/wp\/v2\/posts"}],"about":[{"href":"https:\/\/nashernews.com\/fr\/wp-json\/wp\/v2\/types\/post"}],"author":[{"embeddable":true,"href":"https:\/\/nashernews.com\/fr\/wp-json\/wp\/v2\/users\/12"}],"replies":[{"embeddable":true,"href":"https:\/\/nashernews.com\/fr\/wp-json\/wp\/v2\/comments?post=26301"}],"version-history":[{"count":0,"href":"https:\/\/nashernews.com\/fr\/wp-json\/wp\/v2\/posts\/26301\/revisions"}],"wp:featuredmedia":[{"embeddable":true,"href":"https:\/\/nashernews.com\/fr\/wp-json\/wp\/v2\/media\/26298"}],"wp:attachment":[{"href":"https:\/\/nashernews.com\/fr\/wp-json\/wp\/v2\/media?parent=26301"}],"wp:term":[{"taxonomy":"category","embeddable":true,"href":"https:\/\/nashernews.com\/fr\/wp-json\/wp\/v2\/categories?post=26301"},{"taxonomy":"post_tag","embeddable":true,"href":"https:\/\/nashernews.com\/fr\/wp-json\/wp\/v2\/tags?post=26301"}],"curies":[{"name":"wp","href":"https:\/\/api.w.org\/{rel}","templated":true}]}}