{"id":26294,"date":"2026-03-09T13:16:46","date_gmt":"2026-03-09T09:16:46","guid":{"rendered":"https:\/\/nashernews.com\/annonce-de-la-premiere-selection-du-prix-feminin-de-fiction-2026\/"},"modified":"2026-03-09T13:16:46","modified_gmt":"2026-03-09T09:16:46","slug":"annonce-de-la-premiere-selection-du-prix-feminin-de-fiction-2026","status":"publish","type":"post","link":"https:\/\/nashernews.com\/fr\/annonce-de-la-premiere-selection-du-prix-feminin-de-fiction-2026\/","title":{"rendered":"Annonce De La Premi\u00e8re S\u00e9lection Du Prix F\u00e9minin De Fiction 2026"},"content":{"rendered":"<p><span style=\"font-weight: 400;\">La premi\u00e8re s\u00e9lection du Prix f\u00e9minin de fiction 2026 r\u00e9unit seize romans sign\u00e9s par des autrices parmi lesquelles Katie Kitamura, Susan Choi, Kit de Waal et Lily King. Cr\u00e9\u00e9 il y a plus de trois d\u00e9cennies, ce prix annuel dot\u00e9 de 30 000 livres sterling s\u2019impose comme l\u2019une des distinctions majeures consacr\u00e9es \u00e0 l\u2019\u00e9criture des femmes en langue anglaise. Les \u0153uvres retenues proposent une grande diversit\u00e9 de cadres narratifs et de contextes historiques. Certaines situent leur intrigue sur des \u00eeles marqu\u00e9es par la crise climatique, d\u2019autres dans une Kolkata imaginaire du futur, dans le Birmingham des ann\u00e9es 1970 ou dans un Berlin-Est aux portes de la r\u00e9unification. Cette diversit\u00e9 t\u00e9moigne de l\u2019ampleur des perspectives explor\u00e9es par la fiction contemporaine.<\/span><\/p>\n<p><span style=\"font-weight: 400;\">Plusieurs romans de la s\u00e9lection interrogent les cons\u00e9quences des bouleversements politiques et sociaux. La Lampe de poche de Susan Choi d\u00e9ploie une vaste fresque familiale autour de la disparition d\u2019un p\u00e8re et de l\u2019onde de choc que cet \u00e9v\u00e9nement provoque au fil des g\u00e9n\u00e9rations. Dans Audition, Katie Kitamura examine la relation entre identit\u00e9 et performance \u00e0 travers le parcours d\u2019une actrice confront\u00e9e \u00e0 un jeune homme qui affirme \u00eatre son fils. Kit de Waal signe avec Le meilleur de tout un r\u00e9cit consacr\u00e9 \u00e0 la vie d\u2019une femme carib\u00e9enne de milieu populaire dans le Birmingham des ann\u00e9es 1970. Les tensions de l\u2019histoire r\u00e9cente apparaissent \u00e9galement dans Paradiso 17 de Hannah Lillith Assadi, dans Les autres de Sheena Kalayil, qui \u00e9voque les derniers jours du mur de Berlin, et dans Une b\u00eate se faufile vers P\u00e9kin d\u2019Alice Evelyn Yang, qui mobilise le folklore et le r\u00e9alisme magique afin d\u2019examiner les traces du colonialisme et du traumatisme.<\/span><\/p>\n<p><span style=\"font-weight: 400;\">Les questions environnementales et les dynamiques familiales occupent \u00e9galement une place centrale dans plusieurs \u0153uvres s\u00e9lectionn\u00e9es. La rive sombre et sauvage de Charlotte McConaghy se d\u00e9roule sur une \u00eele isol\u00e9e confront\u00e9e \u00e0 l\u2019effondrement climatique, tandis que Un gardien et un voleur de Megha Majumdar imagine une Kolkata proche dans le temps confront\u00e9e aux inondations et \u00e0 la famine. D\u2019autres premiers romans s\u2019int\u00e9ressent aux relations entre m\u00e8res et enfants, notamment Les bienfaiteurs de Wendy Erskine, Le pas de la mis\u00e9ricorde de Marcia Hutchinson et Domination d\u2019Addie E. Citchens. La s\u00e9lection comprend \u00e9galement La correspondante de Virginia Evans, Gloria ne parle pas de Lucy Apps, Mod\u00e9ration d\u2019Elaine Castillo et Martin-p\u00eacheur de Rozie Kelly. Plac\u00e9 sous la pr\u00e9sidence de Julia Gillard, ancien Premier ministre d\u2019Australie, le jury souligne la capacit\u00e9 de ces \u0153uvres \u00e0 explorer les enjeux contemporains et les multiples facettes de l\u2019exp\u00e9rience humaine. La liste finale de six titres sera annonc\u00e9e le 22 avril, tandis que la laur\u00e9ate sera d\u00e9voil\u00e9e le 11 juin lors d\u2019une c\u00e9r\u00e9monie organis\u00e9e \u00e0 Londres.<\/span><\/p>\n<p>&nbsp;<\/p>\n","protected":false},"excerpt":{"rendered":"<p>La premi\u00e8re s\u00e9lection du Prix f\u00e9minin de fiction 2026 r\u00e9unit seize romans sign\u00e9s par des autrices parmi lesquelles Katie Kitamura, Susan Choi, Kit de Waal et Lily King. Cr\u00e9\u00e9 il y a plus de trois d\u00e9cennies, ce prix annuel dot\u00e9 de 30 000 livres sterling s\u2019impose comme l\u2019une des distinctions majeures consacr\u00e9es \u00e0 l\u2019\u00e9criture des [&hellip;]<\/p>\n","protected":false},"author":13,"featured_media":26292,"comment_status":"closed","ping_status":"open","sticky":false,"template":"","format":"standard","meta":{"_acf_changed":false,"_et_pb_use_builder":"","_et_pb_old_content":"","_et_gb_content_width":"","footnotes":""},"categories":[106],"tags":[],"class_list":["post-26294","post","type-post","status-publish","format-standard","has-post-thumbnail","hentry","category-non-classifiee","et-has-post-format-content","et_post_format-et-post-format-standard"],"acf":[],"yoast_head":"<!-- This site is optimized with the Yoast SEO plugin v26.9 - https:\/\/yoast.com\/product\/yoast-seo-wordpress\/ -->\n<title>Annonce De La Premi\u00e8re S\u00e9lection Du Prix F\u00e9minin De Fiction 2026 - Nasher News<\/title>\n<meta name=\"robots\" content=\"index, follow, max-snippet:-1, max-image-preview:large, max-video-preview:-1\" \/>\n<link rel=\"canonical\" href=\"https:\/\/nashernews.com\/womens-prize-for-fiction-2026-longlist-announced\/\" \/>\n<meta property=\"og:locale\" content=\"fr_FR\" \/>\n<meta property=\"og:type\" content=\"article\" \/>\n<meta property=\"og:title\" content=\"Annonce De La Premi\u00e8re S\u00e9lection Du Prix F\u00e9minin De Fiction 2026 - Nasher News\" \/>\n<meta property=\"og:description\" content=\"La premi\u00e8re s\u00e9lection du Prix f\u00e9minin de fiction 2026 r\u00e9unit seize romans sign\u00e9s par des autrices parmi lesquelles Katie Kitamura, Susan Choi, Kit de Waal et Lily King. Cr\u00e9\u00e9 il y a plus de trois d\u00e9cennies, ce prix annuel dot\u00e9 de 30 000 livres sterling s\u2019impose comme l\u2019une des distinctions majeures consacr\u00e9es \u00e0 l\u2019\u00e9criture des [&hellip;]\" \/>\n<meta property=\"og:url\" content=\"https:\/\/nashernews.com\/womens-prize-for-fiction-2026-longlist-announced\/\" \/>\n<meta property=\"og:site_name\" content=\"Nasher News\" \/>\n<meta property=\"article:published_time\" content=\"2026-03-09T09:16:46+00:00\" \/>\n<meta property=\"og:image\" content=\"https:\/\/nashernews.com\/wp-content\/uploads\/2026\/03\/WebsitePost569.png\" \/>\n\t<meta property=\"og:image:width\" content=\"960\" \/>\n\t<meta property=\"og:image:height\" content=\"600\" \/>\n\t<meta property=\"og:image:type\" content=\"image\/png\" \/>\n<meta name=\"author\" content=\"Raya Aljadir\" \/>\n<meta name=\"twitter:card\" content=\"summary_large_image\" \/>\n<meta name=\"twitter:label1\" content=\"\u00c9crit par\" \/>\n\t<meta name=\"twitter:data1\" content=\"Raya Aljadir\" \/>\n\t<meta name=\"twitter:label2\" content=\"Dur\u00e9e de lecture estim\u00e9e\" \/>\n\t<meta name=\"twitter:data2\" content=\"2 minutes\" \/>\n<script type=\"application\/ld+json\" class=\"yoast-schema-graph\">{\"@context\":\"https:\/\/schema.org\",\"@graph\":[{\"@type\":\"Article\",\"@id\":\"https:\/\/nashernews.com\/womens-prize-for-fiction-2026-longlist-announced\/#article\",\"isPartOf\":{\"@id\":\"https:\/\/nashernews.com\/womens-prize-for-fiction-2026-longlist-announced\/\"},\"author\":{\"name\":\"Raya Aljadir\",\"@id\":\"https:\/\/nashernews.com\/ar\/#\/schema\/person\/33dc5e72e32c7f0517259d002b86eed1\"},\"headline\":\"Annonce De La Premi\u00e8re S\u00e9lection Du Prix F\u00e9minin De Fiction 2026\",\"datePublished\":\"2026-03-09T09:16:46+00:00\",\"mainEntityOfPage\":{\"@id\":\"https:\/\/nashernews.com\/womens-prize-for-fiction-2026-longlist-announced\/\"},\"wordCount\":508,\"image\":{\"@id\":\"https:\/\/nashernews.com\/womens-prize-for-fiction-2026-longlist-announced\/#primaryimage\"},\"thumbnailUrl\":\"https:\/\/nashernews.com\/wp-content\/uploads\/2026\/03\/WebsitePost569.png\",\"articleSection\":[\"Actualit\u00e9s\"],\"inLanguage\":\"fr-FR\"},{\"@type\":\"WebPage\",\"@id\":\"https:\/\/nashernews.com\/womens-prize-for-fiction-2026-longlist-announced\/\",\"url\":\"https:\/\/nashernews.com\/womens-prize-for-fiction-2026-longlist-announced\/\",\"name\":\"Annonce De La Premi\u00e8re S\u00e9lection Du Prix F\u00e9minin De Fiction 2026 - Nasher News\",\"isPartOf\":{\"@id\":\"https:\/\/nashernews.com\/ar\/#website\"},\"primaryImageOfPage\":{\"@id\":\"https:\/\/nashernews.com\/womens-prize-for-fiction-2026-longlist-announced\/#primaryimage\"},\"image\":{\"@id\":\"https:\/\/nashernews.com\/womens-prize-for-fiction-2026-longlist-announced\/#primaryimage\"},\"thumbnailUrl\":\"https:\/\/nashernews.com\/wp-content\/uploads\/2026\/03\/WebsitePost569.png\",\"datePublished\":\"2026-03-09T09:16:46+00:00\",\"author\":{\"@id\":\"https:\/\/nashernews.com\/ar\/#\/schema\/person\/33dc5e72e32c7f0517259d002b86eed1\"},\"breadcrumb\":{\"@id\":\"https:\/\/nashernews.com\/womens-prize-for-fiction-2026-longlist-announced\/#breadcrumb\"},\"inLanguage\":\"fr-FR\",\"potentialAction\":[{\"@type\":\"ReadAction\",\"target\":[\"https:\/\/nashernews.com\/womens-prize-for-fiction-2026-longlist-announced\/\"]}]},{\"@type\":\"ImageObject\",\"inLanguage\":\"fr-FR\",\"@id\":\"https:\/\/nashernews.com\/womens-prize-for-fiction-2026-longlist-announced\/#primaryimage\",\"url\":\"https:\/\/nashernews.com\/wp-content\/uploads\/2026\/03\/WebsitePost569.png\",\"contentUrl\":\"https:\/\/nashernews.com\/wp-content\/uploads\/2026\/03\/WebsitePost569.png\",\"width\":960,\"height\":600},{\"@type\":\"BreadcrumbList\",\"@id\":\"https:\/\/nashernews.com\/womens-prize-for-fiction-2026-longlist-announced\/#breadcrumb\",\"itemListElement\":[{\"@type\":\"ListItem\",\"position\":1,\"name\":\"Home\",\"item\":\"https:\/\/nashernews.com\/ar\/\"},{\"@type\":\"ListItem\",\"position\":2,\"name\":\"Annonce De La Premi\u00e8re S\u00e9lection Du Prix F\u00e9minin De Fiction 2026\"}]},{\"@type\":\"WebSite\",\"@id\":\"https:\/\/nashernews.com\/ar\/#website\",\"url\":\"https:\/\/nashernews.com\/ar\/\",\"name\":\"Nasher News\",\"description\":\"World&#039;s first professional hub for Arab Publishers\",\"potentialAction\":[{\"@type\":\"SearchAction\",\"target\":{\"@type\":\"EntryPoint\",\"urlTemplate\":\"https:\/\/nashernews.com\/ar\/?s={search_term_string}\"},\"query-input\":{\"@type\":\"PropertyValueSpecification\",\"valueRequired\":true,\"valueName\":\"search_term_string\"}}],\"inLanguage\":\"fr-FR\"},{\"@type\":\"Person\",\"@id\":\"https:\/\/nashernews.com\/ar\/#\/schema\/person\/33dc5e72e32c7f0517259d002b86eed1\",\"name\":\"Raya Aljadir\",\"image\":{\"@type\":\"ImageObject\",\"inLanguage\":\"fr-FR\",\"@id\":\"https:\/\/nashernews.com\/ar\/#\/schema\/person\/image\/\",\"url\":\"https:\/\/nashernews.com\/wp-content\/uploads\/2022\/04\/116439499_617879905509734_4186273809389279650_n-8165X165px100dpi-copy-96x96.jpg\",\"contentUrl\":\"https:\/\/nashernews.com\/wp-content\/uploads\/2022\/04\/116439499_617879905509734_4186273809389279650_n-8165X165px100dpi-copy-96x96.jpg\",\"caption\":\"Raya Aljadir\"},\"url\":\"https:\/\/nashernews.com\/fr\/author\/raya\/\"}]}<\/script>\n<!-- \/ Yoast SEO plugin. -->","yoast_head_json":{"title":"Annonce De La Premi\u00e8re S\u00e9lection Du Prix F\u00e9minin De Fiction 2026 - Nasher News","robots":{"index":"index","follow":"follow","max-snippet":"max-snippet:-1","max-image-preview":"max-image-preview:large","max-video-preview":"max-video-preview:-1"},"canonical":"https:\/\/nashernews.com\/womens-prize-for-fiction-2026-longlist-announced\/","og_locale":"fr_FR","og_type":"article","og_title":"Annonce De La Premi\u00e8re S\u00e9lection Du Prix F\u00e9minin De Fiction 2026 - Nasher News","og_description":"La premi\u00e8re s\u00e9lection du Prix f\u00e9minin de fiction 2026 r\u00e9unit seize romans sign\u00e9s par des autrices parmi lesquelles Katie Kitamura, Susan Choi, Kit de Waal et Lily King. Cr\u00e9\u00e9 il y a plus de trois d\u00e9cennies, ce prix annuel dot\u00e9 de 30 000 livres sterling s\u2019impose comme l\u2019une des distinctions majeures consacr\u00e9es \u00e0 l\u2019\u00e9criture des [&hellip;]","og_url":"https:\/\/nashernews.com\/womens-prize-for-fiction-2026-longlist-announced\/","og_site_name":"Nasher News","article_published_time":"2026-03-09T09:16:46+00:00","og_image":[{"width":960,"height":600,"url":"https:\/\/nashernews.com\/wp-content\/uploads\/2026\/03\/WebsitePost569.png","type":"image\/png"}],"author":"Raya Aljadir","twitter_card":"summary_large_image","twitter_misc":{"\u00c9crit par":"Raya Aljadir","Dur\u00e9e de lecture estim\u00e9e":"2 minutes"},"schema":{"@context":"https:\/\/schema.org","@graph":[{"@type":"Article","@id":"https:\/\/nashernews.com\/womens-prize-for-fiction-2026-longlist-announced\/#article","isPartOf":{"@id":"https:\/\/nashernews.com\/womens-prize-for-fiction-2026-longlist-announced\/"},"author":{"name":"Raya Aljadir","@id":"https:\/\/nashernews.com\/ar\/#\/schema\/person\/33dc5e72e32c7f0517259d002b86eed1"},"headline":"Annonce De La Premi\u00e8re S\u00e9lection Du Prix F\u00e9minin De Fiction 2026","datePublished":"2026-03-09T09:16:46+00:00","mainEntityOfPage":{"@id":"https:\/\/nashernews.com\/womens-prize-for-fiction-2026-longlist-announced\/"},"wordCount":508,"image":{"@id":"https:\/\/nashernews.com\/womens-prize-for-fiction-2026-longlist-announced\/#primaryimage"},"thumbnailUrl":"https:\/\/nashernews.com\/wp-content\/uploads\/2026\/03\/WebsitePost569.png","articleSection":["Actualit\u00e9s"],"inLanguage":"fr-FR"},{"@type":"WebPage","@id":"https:\/\/nashernews.com\/womens-prize-for-fiction-2026-longlist-announced\/","url":"https:\/\/nashernews.com\/womens-prize-for-fiction-2026-longlist-announced\/","name":"Annonce De La Premi\u00e8re S\u00e9lection Du Prix F\u00e9minin De Fiction 2026 - Nasher News","isPartOf":{"@id":"https:\/\/nashernews.com\/ar\/#website"},"primaryImageOfPage":{"@id":"https:\/\/nashernews.com\/womens-prize-for-fiction-2026-longlist-announced\/#primaryimage"},"image":{"@id":"https:\/\/nashernews.com\/womens-prize-for-fiction-2026-longlist-announced\/#primaryimage"},"thumbnailUrl":"https:\/\/nashernews.com\/wp-content\/uploads\/2026\/03\/WebsitePost569.png","datePublished":"2026-03-09T09:16:46+00:00","author":{"@id":"https:\/\/nashernews.com\/ar\/#\/schema\/person\/33dc5e72e32c7f0517259d002b86eed1"},"breadcrumb":{"@id":"https:\/\/nashernews.com\/womens-prize-for-fiction-2026-longlist-announced\/#breadcrumb"},"inLanguage":"fr-FR","potentialAction":[{"@type":"ReadAction","target":["https:\/\/nashernews.com\/womens-prize-for-fiction-2026-longlist-announced\/"]}]},{"@type":"ImageObject","inLanguage":"fr-FR","@id":"https:\/\/nashernews.com\/womens-prize-for-fiction-2026-longlist-announced\/#primaryimage","url":"https:\/\/nashernews.com\/wp-content\/uploads\/2026\/03\/WebsitePost569.png","contentUrl":"https:\/\/nashernews.com\/wp-content\/uploads\/2026\/03\/WebsitePost569.png","width":960,"height":600},{"@type":"BreadcrumbList","@id":"https:\/\/nashernews.com\/womens-prize-for-fiction-2026-longlist-announced\/#breadcrumb","itemListElement":[{"@type":"ListItem","position":1,"name":"Home","item":"https:\/\/nashernews.com\/ar\/"},{"@type":"ListItem","position":2,"name":"Annonce De La Premi\u00e8re S\u00e9lection Du Prix F\u00e9minin De Fiction 2026"}]},{"@type":"WebSite","@id":"https:\/\/nashernews.com\/ar\/#website","url":"https:\/\/nashernews.com\/ar\/","name":"Nasher News","description":"World&#039;s first professional hub for Arab Publishers","potentialAction":[{"@type":"SearchAction","target":{"@type":"EntryPoint","urlTemplate":"https:\/\/nashernews.com\/ar\/?s={search_term_string}"},"query-input":{"@type":"PropertyValueSpecification","valueRequired":true,"valueName":"search_term_string"}}],"inLanguage":"fr-FR"},{"@type":"Person","@id":"https:\/\/nashernews.com\/ar\/#\/schema\/person\/33dc5e72e32c7f0517259d002b86eed1","name":"Raya Aljadir","image":{"@type":"ImageObject","inLanguage":"fr-FR","@id":"https:\/\/nashernews.com\/ar\/#\/schema\/person\/image\/","url":"https:\/\/nashernews.com\/wp-content\/uploads\/2022\/04\/116439499_617879905509734_4186273809389279650_n-8165X165px100dpi-copy-96x96.jpg","contentUrl":"https:\/\/nashernews.com\/wp-content\/uploads\/2022\/04\/116439499_617879905509734_4186273809389279650_n-8165X165px100dpi-copy-96x96.jpg","caption":"Raya Aljadir"},"url":"https:\/\/nashernews.com\/fr\/author\/raya\/"}]}},"_links":{"self":[{"href":"https:\/\/nashernews.com\/fr\/wp-json\/wp\/v2\/posts\/26294","targetHints":{"allow":["GET"]}}],"collection":[{"href":"https:\/\/nashernews.com\/fr\/wp-json\/wp\/v2\/posts"}],"about":[{"href":"https:\/\/nashernews.com\/fr\/wp-json\/wp\/v2\/types\/post"}],"author":[{"embeddable":true,"href":"https:\/\/nashernews.com\/fr\/wp-json\/wp\/v2\/users\/13"}],"replies":[{"embeddable":true,"href":"https:\/\/nashernews.com\/fr\/wp-json\/wp\/v2\/comments?post=26294"}],"version-history":[{"count":0,"href":"https:\/\/nashernews.com\/fr\/wp-json\/wp\/v2\/posts\/26294\/revisions"}],"wp:featuredmedia":[{"embeddable":true,"href":"https:\/\/nashernews.com\/fr\/wp-json\/wp\/v2\/media\/26292"}],"wp:attachment":[{"href":"https:\/\/nashernews.com\/fr\/wp-json\/wp\/v2\/media?parent=26294"}],"wp:term":[{"taxonomy":"category","embeddable":true,"href":"https:\/\/nashernews.com\/fr\/wp-json\/wp\/v2\/categories?post=26294"},{"taxonomy":"post_tag","embeddable":true,"href":"https:\/\/nashernews.com\/fr\/wp-json\/wp\/v2\/tags?post=26294"}],"curies":[{"name":"wp","href":"https:\/\/api.w.org\/{rel}","templated":true}]}}