{"id":26095,"date":"2026-01-26T15:51:16","date_gmt":"2026-01-26T11:51:16","guid":{"rendered":"https:\/\/nashernews.com\/faber-acquiert-le-nouveau-roman-de-leila-slimani\/"},"modified":"2026-01-26T15:51:16","modified_gmt":"2026-01-26T11:51:16","slug":"faber-acquiert-le-nouveau-roman-de-leila-slimani","status":"publish","type":"post","link":"https:\/\/nashernews.com\/fr\/faber-acquiert-le-nouveau-roman-de-leila-slimani\/","title":{"rendered":"Faber acquiert le nouveau roman de Le\u00efla Slimani"},"content":{"rendered":"<p><span style=\"font-weight: 400;\">Faber a acquis les droits du nouveau roman de Le\u00efla Slimani, Je prendrai le feu, dernier volet de sa trilogie Le Pays des autres. L\u2019ouvrage para\u00eetra en avril 2026 et s\u2019annonce comme une fresque poignante autour de la qu\u00eate de soi, des rapports de force, du d\u00e9sir et du mensonge. Louisa Joyner, \u00e9ditrice associ\u00e9e chez Faber, a obtenu les droits pour le Royaume-Uni et le Commonwealth (hors Canada) aupr\u00e8s des \u00c9ditions Gallimard. Le\u00efla Slimani, d\u00e9j\u00e0 autrice de Chanson douce, Ad\u00e8le et Sexe et mensonges, demeure la premi\u00e8re femme marocaine \u00e0 avoir remport\u00e9 le prestigieux Prix Goncourt.<\/span><\/p>\n<p><span style=\"font-weight: 400;\">Dans Je prendrai le feu, Slimani raconte l\u2019histoire de Mia et In\u00e9s, deux s\u0153urs baign\u00e9es dans l\u2019amour mais contraintes par les conventions sociales de la Casablanca du d\u00e9but du XXIe si\u00e8cle. Leur vie se d\u00e9ploie dans l\u2019ombre de v\u00e9rit\u00e9s politiques impos\u00e9es, de silences h\u00e9rit\u00e9s, et d\u2019une qu\u00eate intime de refuge, entre libert\u00e9 et attachement. Leur lutte, empreinte d\u2019h\u00e9ritages maternels et de douleurs transg\u00e9n\u00e9rationnelles, prend la forme d\u2019un combat pour pr\u00e9server leur int\u00e9grit\u00e9 et affirmer leur humanit\u00e9 face aux injonctions d\u2019une soci\u00e9t\u00e9 cloisonn\u00e9e.<\/span><\/p>\n<p><span style=\"font-weight: 400;\">Louisa Joyner a mis en valeur l\u2019\u0153uvre en affirmant que ce roman concentre toute la richesse litt\u00e9raire de Le\u00efla Slimani. Elle la d\u00e9crit comme une voix essentielle du paysage mondial, capable de capter les fractures sociales et politiques qui marquent les corps et les esprits des jeunes g\u00e9n\u00e9rations. Selon elle, ce nouveau texte conjugue puissance narrative, finesse psychologique et sens aigu du r\u00e9el, consolidant la place de Slimani parmi les romanci\u00e8res les plus influentes de sa g\u00e9n\u00e9ration.<\/span><\/p>\n<p>&nbsp;<\/p>\n","protected":false},"excerpt":{"rendered":"<p>Faber a acquis les droits du nouveau roman de Le\u00efla Slimani, Je prendrai le feu, dernier volet de sa trilogie Le Pays des autres. L\u2019ouvrage para\u00eetra en avril 2026 et s\u2019annonce comme une fresque poignante autour de la qu\u00eate de soi, des rapports de force, du d\u00e9sir et du mensonge. Louisa Joyner, \u00e9ditrice associ\u00e9e chez [&hellip;]<\/p>\n","protected":false},"author":14,"featured_media":26092,"comment_status":"closed","ping_status":"open","sticky":false,"template":"","format":"standard","meta":{"_acf_changed":false,"_et_pb_use_builder":"","_et_pb_old_content":"","_et_gb_content_width":"","footnotes":""},"categories":[106],"tags":[],"class_list":["post-26095","post","type-post","status-publish","format-standard","has-post-thumbnail","hentry","category-non-classifiee","et-has-post-format-content","et_post_format-et-post-format-standard"],"acf":[],"yoast_head":"<!-- This site is optimized with the Yoast SEO plugin v26.9 - https:\/\/yoast.com\/product\/yoast-seo-wordpress\/ -->\n<title>Faber acquiert le nouveau roman de Le\u00efla Slimani - Nasher News<\/title>\n<meta name=\"robots\" content=\"index, follow, max-snippet:-1, max-image-preview:large, max-video-preview:-1\" \/>\n<link rel=\"canonical\" href=\"https:\/\/nashernews.com\/fr\/faber-acquiert-le-nouveau-roman-de-leila-slimani\/\" \/>\n<meta property=\"og:locale\" content=\"fr_FR\" \/>\n<meta property=\"og:type\" content=\"article\" \/>\n<meta property=\"og:title\" content=\"Faber acquiert le nouveau roman de Le\u00efla Slimani - Nasher News\" \/>\n<meta property=\"og:description\" content=\"Faber a acquis les droits du nouveau roman de Le\u00efla Slimani, Je prendrai le feu, dernier volet de sa trilogie Le Pays des autres. L\u2019ouvrage para\u00eetra en avril 2026 et s\u2019annonce comme une fresque poignante autour de la qu\u00eate de soi, des rapports de force, du d\u00e9sir et du mensonge. Louisa Joyner, \u00e9ditrice associ\u00e9e chez [&hellip;]\" \/>\n<meta property=\"og:url\" content=\"https:\/\/nashernews.com\/fr\/faber-acquiert-le-nouveau-roman-de-leila-slimani\/\" \/>\n<meta property=\"og:site_name\" content=\"Nasher News\" \/>\n<meta property=\"article:published_time\" content=\"2026-01-26T11:51:16+00:00\" \/>\n<meta property=\"og:image\" content=\"https:\/\/nashernews.com\/wp-content\/uploads\/2026\/01\/WebsitePost543.png\" \/>\n\t<meta property=\"og:image:width\" content=\"960\" \/>\n\t<meta property=\"og:image:height\" content=\"600\" \/>\n\t<meta property=\"og:image:type\" content=\"image\/png\" \/>\n<meta name=\"author\" content=\"Roger Tagholm\" \/>\n<meta name=\"twitter:card\" content=\"summary_large_image\" \/>\n<meta name=\"twitter:label1\" content=\"\u00c9crit par\" \/>\n\t<meta name=\"twitter:data1\" content=\"Roger Tagholm\" \/>\n\t<meta name=\"twitter:label2\" content=\"Dur\u00e9e de lecture estim\u00e9e\" \/>\n\t<meta name=\"twitter:data2\" content=\"2 minutes\" \/>\n<script type=\"application\/ld+json\" class=\"yoast-schema-graph\">{\"@context\":\"https:\/\/schema.org\",\"@graph\":[{\"@type\":\"Article\",\"@id\":\"https:\/\/nashernews.com\/fr\/faber-acquiert-le-nouveau-roman-de-leila-slimani\/#article\",\"isPartOf\":{\"@id\":\"https:\/\/nashernews.com\/fr\/faber-acquiert-le-nouveau-roman-de-leila-slimani\/\"},\"author\":{\"name\":\"Roger Tagholm\",\"@id\":\"https:\/\/nashernews.com\/ar\/#\/schema\/person\/71f1e3c17ebcb19128a8c32e601282fb\"},\"headline\":\"Faber acquiert le nouveau roman de Le\u00efla Slimani\",\"datePublished\":\"2026-01-26T11:51:16+00:00\",\"mainEntityOfPage\":{\"@id\":\"https:\/\/nashernews.com\/fr\/faber-acquiert-le-nouveau-roman-de-leila-slimani\/\"},\"wordCount\":311,\"image\":{\"@id\":\"https:\/\/nashernews.com\/fr\/faber-acquiert-le-nouveau-roman-de-leila-slimani\/#primaryimage\"},\"thumbnailUrl\":\"https:\/\/nashernews.com\/wp-content\/uploads\/2026\/01\/WebsitePost543.png\",\"articleSection\":[\"Actualit\u00e9s\"],\"inLanguage\":\"fr-FR\"},{\"@type\":\"WebPage\",\"@id\":\"https:\/\/nashernews.com\/fr\/faber-acquiert-le-nouveau-roman-de-leila-slimani\/\",\"url\":\"https:\/\/nashernews.com\/fr\/faber-acquiert-le-nouveau-roman-de-leila-slimani\/\",\"name\":\"Faber acquiert le nouveau roman de Le\u00efla Slimani - Nasher News\",\"isPartOf\":{\"@id\":\"https:\/\/nashernews.com\/ar\/#website\"},\"primaryImageOfPage\":{\"@id\":\"https:\/\/nashernews.com\/fr\/faber-acquiert-le-nouveau-roman-de-leila-slimani\/#primaryimage\"},\"image\":{\"@id\":\"https:\/\/nashernews.com\/fr\/faber-acquiert-le-nouveau-roman-de-leila-slimani\/#primaryimage\"},\"thumbnailUrl\":\"https:\/\/nashernews.com\/wp-content\/uploads\/2026\/01\/WebsitePost543.png\",\"datePublished\":\"2026-01-26T11:51:16+00:00\",\"author\":{\"@id\":\"https:\/\/nashernews.com\/ar\/#\/schema\/person\/71f1e3c17ebcb19128a8c32e601282fb\"},\"breadcrumb\":{\"@id\":\"https:\/\/nashernews.com\/fr\/faber-acquiert-le-nouveau-roman-de-leila-slimani\/#breadcrumb\"},\"inLanguage\":\"fr-FR\",\"potentialAction\":[{\"@type\":\"ReadAction\",\"target\":[\"https:\/\/nashernews.com\/fr\/faber-acquiert-le-nouveau-roman-de-leila-slimani\/\"]}]},{\"@type\":\"ImageObject\",\"inLanguage\":\"fr-FR\",\"@id\":\"https:\/\/nashernews.com\/fr\/faber-acquiert-le-nouveau-roman-de-leila-slimani\/#primaryimage\",\"url\":\"https:\/\/nashernews.com\/wp-content\/uploads\/2026\/01\/WebsitePost543.png\",\"contentUrl\":\"https:\/\/nashernews.com\/wp-content\/uploads\/2026\/01\/WebsitePost543.png\",\"width\":960,\"height\":600},{\"@type\":\"BreadcrumbList\",\"@id\":\"https:\/\/nashernews.com\/fr\/faber-acquiert-le-nouveau-roman-de-leila-slimani\/#breadcrumb\",\"itemListElement\":[{\"@type\":\"ListItem\",\"position\":1,\"name\":\"Home\",\"item\":\"https:\/\/nashernews.com\/ar\/\"},{\"@type\":\"ListItem\",\"position\":2,\"name\":\"Faber acquiert le nouveau roman de Le\u00efla Slimani\"}]},{\"@type\":\"WebSite\",\"@id\":\"https:\/\/nashernews.com\/ar\/#website\",\"url\":\"https:\/\/nashernews.com\/ar\/\",\"name\":\"Nasher News\",\"description\":\"World&#039;s first professional hub for Arab Publishers\",\"potentialAction\":[{\"@type\":\"SearchAction\",\"target\":{\"@type\":\"EntryPoint\",\"urlTemplate\":\"https:\/\/nashernews.com\/ar\/?s={search_term_string}\"},\"query-input\":{\"@type\":\"PropertyValueSpecification\",\"valueRequired\":true,\"valueName\":\"search_term_string\"}}],\"inLanguage\":\"fr-FR\"},{\"@type\":\"Person\",\"@id\":\"https:\/\/nashernews.com\/ar\/#\/schema\/person\/71f1e3c17ebcb19128a8c32e601282fb\",\"name\":\"Roger Tagholm\",\"image\":{\"@type\":\"ImageObject\",\"inLanguage\":\"fr-FR\",\"@id\":\"https:\/\/nashernews.com\/ar\/#\/schema\/person\/image\/\",\"url\":\"https:\/\/nashernews.com\/wp-content\/uploads\/2022\/04\/IMG_20220301_1005542-4-copy-96x96.jpg\",\"contentUrl\":\"https:\/\/nashernews.com\/wp-content\/uploads\/2022\/04\/IMG_20220301_1005542-4-copy-96x96.jpg\",\"caption\":\"Roger Tagholm\"},\"url\":\"https:\/\/nashernews.com\/fr\/author\/roger\/\"}]}<\/script>\n<!-- \/ Yoast SEO plugin. -->","yoast_head_json":{"title":"Faber acquiert le nouveau roman de Le\u00efla Slimani - Nasher News","robots":{"index":"index","follow":"follow","max-snippet":"max-snippet:-1","max-image-preview":"max-image-preview:large","max-video-preview":"max-video-preview:-1"},"canonical":"https:\/\/nashernews.com\/fr\/faber-acquiert-le-nouveau-roman-de-leila-slimani\/","og_locale":"fr_FR","og_type":"article","og_title":"Faber acquiert le nouveau roman de Le\u00efla Slimani - Nasher News","og_description":"Faber a acquis les droits du nouveau roman de Le\u00efla Slimani, Je prendrai le feu, dernier volet de sa trilogie Le Pays des autres. L\u2019ouvrage para\u00eetra en avril 2026 et s\u2019annonce comme une fresque poignante autour de la qu\u00eate de soi, des rapports de force, du d\u00e9sir et du mensonge. Louisa Joyner, \u00e9ditrice associ\u00e9e chez [&hellip;]","og_url":"https:\/\/nashernews.com\/fr\/faber-acquiert-le-nouveau-roman-de-leila-slimani\/","og_site_name":"Nasher News","article_published_time":"2026-01-26T11:51:16+00:00","og_image":[{"width":960,"height":600,"url":"https:\/\/nashernews.com\/wp-content\/uploads\/2026\/01\/WebsitePost543.png","type":"image\/png"}],"author":"Roger Tagholm","twitter_card":"summary_large_image","twitter_misc":{"\u00c9crit par":"Roger Tagholm","Dur\u00e9e de lecture estim\u00e9e":"2 minutes"},"schema":{"@context":"https:\/\/schema.org","@graph":[{"@type":"Article","@id":"https:\/\/nashernews.com\/fr\/faber-acquiert-le-nouveau-roman-de-leila-slimani\/#article","isPartOf":{"@id":"https:\/\/nashernews.com\/fr\/faber-acquiert-le-nouveau-roman-de-leila-slimani\/"},"author":{"name":"Roger Tagholm","@id":"https:\/\/nashernews.com\/ar\/#\/schema\/person\/71f1e3c17ebcb19128a8c32e601282fb"},"headline":"Faber acquiert le nouveau roman de Le\u00efla Slimani","datePublished":"2026-01-26T11:51:16+00:00","mainEntityOfPage":{"@id":"https:\/\/nashernews.com\/fr\/faber-acquiert-le-nouveau-roman-de-leila-slimani\/"},"wordCount":311,"image":{"@id":"https:\/\/nashernews.com\/fr\/faber-acquiert-le-nouveau-roman-de-leila-slimani\/#primaryimage"},"thumbnailUrl":"https:\/\/nashernews.com\/wp-content\/uploads\/2026\/01\/WebsitePost543.png","articleSection":["Actualit\u00e9s"],"inLanguage":"fr-FR"},{"@type":"WebPage","@id":"https:\/\/nashernews.com\/fr\/faber-acquiert-le-nouveau-roman-de-leila-slimani\/","url":"https:\/\/nashernews.com\/fr\/faber-acquiert-le-nouveau-roman-de-leila-slimani\/","name":"Faber acquiert le nouveau roman de Le\u00efla Slimani - Nasher News","isPartOf":{"@id":"https:\/\/nashernews.com\/ar\/#website"},"primaryImageOfPage":{"@id":"https:\/\/nashernews.com\/fr\/faber-acquiert-le-nouveau-roman-de-leila-slimani\/#primaryimage"},"image":{"@id":"https:\/\/nashernews.com\/fr\/faber-acquiert-le-nouveau-roman-de-leila-slimani\/#primaryimage"},"thumbnailUrl":"https:\/\/nashernews.com\/wp-content\/uploads\/2026\/01\/WebsitePost543.png","datePublished":"2026-01-26T11:51:16+00:00","author":{"@id":"https:\/\/nashernews.com\/ar\/#\/schema\/person\/71f1e3c17ebcb19128a8c32e601282fb"},"breadcrumb":{"@id":"https:\/\/nashernews.com\/fr\/faber-acquiert-le-nouveau-roman-de-leila-slimani\/#breadcrumb"},"inLanguage":"fr-FR","potentialAction":[{"@type":"ReadAction","target":["https:\/\/nashernews.com\/fr\/faber-acquiert-le-nouveau-roman-de-leila-slimani\/"]}]},{"@type":"ImageObject","inLanguage":"fr-FR","@id":"https:\/\/nashernews.com\/fr\/faber-acquiert-le-nouveau-roman-de-leila-slimani\/#primaryimage","url":"https:\/\/nashernews.com\/wp-content\/uploads\/2026\/01\/WebsitePost543.png","contentUrl":"https:\/\/nashernews.com\/wp-content\/uploads\/2026\/01\/WebsitePost543.png","width":960,"height":600},{"@type":"BreadcrumbList","@id":"https:\/\/nashernews.com\/fr\/faber-acquiert-le-nouveau-roman-de-leila-slimani\/#breadcrumb","itemListElement":[{"@type":"ListItem","position":1,"name":"Home","item":"https:\/\/nashernews.com\/ar\/"},{"@type":"ListItem","position":2,"name":"Faber acquiert le nouveau roman de Le\u00efla Slimani"}]},{"@type":"WebSite","@id":"https:\/\/nashernews.com\/ar\/#website","url":"https:\/\/nashernews.com\/ar\/","name":"Nasher News","description":"World&#039;s first professional hub for Arab Publishers","potentialAction":[{"@type":"SearchAction","target":{"@type":"EntryPoint","urlTemplate":"https:\/\/nashernews.com\/ar\/?s={search_term_string}"},"query-input":{"@type":"PropertyValueSpecification","valueRequired":true,"valueName":"search_term_string"}}],"inLanguage":"fr-FR"},{"@type":"Person","@id":"https:\/\/nashernews.com\/ar\/#\/schema\/person\/71f1e3c17ebcb19128a8c32e601282fb","name":"Roger Tagholm","image":{"@type":"ImageObject","inLanguage":"fr-FR","@id":"https:\/\/nashernews.com\/ar\/#\/schema\/person\/image\/","url":"https:\/\/nashernews.com\/wp-content\/uploads\/2022\/04\/IMG_20220301_1005542-4-copy-96x96.jpg","contentUrl":"https:\/\/nashernews.com\/wp-content\/uploads\/2022\/04\/IMG_20220301_1005542-4-copy-96x96.jpg","caption":"Roger Tagholm"},"url":"https:\/\/nashernews.com\/fr\/author\/roger\/"}]}},"_links":{"self":[{"href":"https:\/\/nashernews.com\/fr\/wp-json\/wp\/v2\/posts\/26095","targetHints":{"allow":["GET"]}}],"collection":[{"href":"https:\/\/nashernews.com\/fr\/wp-json\/wp\/v2\/posts"}],"about":[{"href":"https:\/\/nashernews.com\/fr\/wp-json\/wp\/v2\/types\/post"}],"author":[{"embeddable":true,"href":"https:\/\/nashernews.com\/fr\/wp-json\/wp\/v2\/users\/14"}],"replies":[{"embeddable":true,"href":"https:\/\/nashernews.com\/fr\/wp-json\/wp\/v2\/comments?post=26095"}],"version-history":[{"count":0,"href":"https:\/\/nashernews.com\/fr\/wp-json\/wp\/v2\/posts\/26095\/revisions"}],"wp:featuredmedia":[{"embeddable":true,"href":"https:\/\/nashernews.com\/fr\/wp-json\/wp\/v2\/media\/26092"}],"wp:attachment":[{"href":"https:\/\/nashernews.com\/fr\/wp-json\/wp\/v2\/media?parent=26095"}],"wp:term":[{"taxonomy":"category","embeddable":true,"href":"https:\/\/nashernews.com\/fr\/wp-json\/wp\/v2\/categories?post=26095"},{"taxonomy":"post_tag","embeddable":true,"href":"https:\/\/nashernews.com\/fr\/wp-json\/wp\/v2\/tags?post=26095"}],"curies":[{"name":"wp","href":"https:\/\/api.w.org\/{rel}","templated":true}]}}