{"id":26071,"date":"2026-01-20T13:13:36","date_gmt":"2026-01-20T09:13:36","guid":{"rendered":"https:\/\/nashernews.com\/les-prix-nero-annoncent-les-laureats-2026\/"},"modified":"2026-01-20T13:13:36","modified_gmt":"2026-01-20T09:13:36","slug":"les-prix-nero-annoncent-les-laureats-2026","status":"publish","type":"post","link":"https:\/\/nashernews.com\/fr\/les-prix-nero-annoncent-les-laureats-2026\/","title":{"rendered":"Les Prix Nero Annoncent les Laur\u00e9ats 2026"},"content":{"rendered":"<p><span style=\"font-weight: 400;\">L\u2019auteur irlando-canadien Benjamin Wood remporte le prix Nero 2026 dans la cat\u00e9gorie fiction pour Gratte-Mer, un roman sombre et absurde se d\u00e9roulant dans le comt\u00e9 de Mayo. Ce r\u00e9cit, \u00e0 la fois com\u00e9die noire et plong\u00e9e dans l\u2019univers du crime, offre une vision d\u00e9cal\u00e9e d\u2019une petite ville irlandaise. D\u00e9j\u00e0 s\u00e9lectionn\u00e9 pour le Prix Booker 2024, l\u2019auteur s\u2019\u00e9tait fait conna\u00eetre avec ses recueils de nouvelles Jeunes Peaux (2013) et Le Mal du Pays (2022), dont une nouvelle, Calme Avec Les Chevaux, a \u00e9t\u00e9 adapt\u00e9e au cin\u00e9ma. Parmi les finalistes figuraient \u00e9galement Oyinkan Braithwaite, Ian McEwan et Damian Barr.<\/span><\/p>\n<p><span style=\"font-weight: 400;\">Dans les autres cat\u00e9gories, Claire Lynch s\u2019est distingu\u00e9e en remportant le prix du premier roman pour Une Affaire de Famille, un r\u00e9cit \u00e0 deux temporalit\u00e9s sur l\u2019impact durable des secrets et de l\u2019homophobie familiale dans les ann\u00e9es 1980. Les membres du jury ont reconnu une \u00e9criture subtile et percutante, empreinte de force et d\u2019espoir. Sarah Perry a obtenu le prix de l\u2019essai avec La Mort d\u2019un Homme Ordinaire, un t\u00e9moignage personnel sur la perte de son beau-p\u00e8re face au cancer, reconnu pour sa pr\u00e9cision et son humanit\u00e9. Jamila Gavin s\u2019est vue d\u00e9cerner le prix de litt\u00e9rature jeunesse pour Mon \u00c2me, Un Arbre Lumineux, inspir\u00e9 de l\u2019histoire r\u00e9elle du soldat indien Khudadad Khan durant la Premi\u00e8re Guerre mondiale, relat\u00e9e \u00e0 travers quatre voix, dont celle d\u2019un noyer.<\/span><\/p>\n<p><span style=\"font-weight: 400;\">Les jurys, compos\u00e9s notamment de Sin\u00e9ad Gleeson, Paterson Joseph et Sharna Jackson, ont \u00e9valu\u00e9 des \u0153uvres finalistes de grande qualit\u00e9 dans chaque cat\u00e9gorie. Les quatre laur\u00e9ats sont d\u00e9sormais en lice pour le Prix d\u2019Or Nero, r\u00e9compensant le livre de l\u2019ann\u00e9e, dont le nom sera annonc\u00e9 en mars par un jury pr\u00e9sid\u00e9 par Nick Hornby. Cr\u00e9\u00e9s en 2023 apr\u00e8s l\u2019arr\u00eat soudain des prix Costa, les Prix Nero, soutenus par Caff\u00e8 Nero, visent \u00e0 valoriser les ouvrages les plus marquants publi\u00e9s au Royaume-Uni et en Irlande. Chaque laur\u00e9at re\u00e7oit 5 000 livres sterling, tandis que le grand prix s\u2019accompagne d\u2019une r\u00e9compense suppl\u00e9mentaire de 30 000 livres sterling.<\/span><\/p>\n<p>&nbsp;<\/p>\n","protected":false},"excerpt":{"rendered":"<p>L\u2019auteur irlando-canadien Benjamin Wood remporte le prix Nero 2026 dans la cat\u00e9gorie fiction pour Gratte-Mer, un roman sombre et absurde se d\u00e9roulant dans le comt\u00e9 de Mayo. Ce r\u00e9cit, \u00e0 la fois com\u00e9die noire et plong\u00e9e dans l\u2019univers du crime, offre une vision d\u00e9cal\u00e9e d\u2019une petite ville irlandaise. D\u00e9j\u00e0 s\u00e9lectionn\u00e9 pour le Prix Booker 2024, [&hellip;]<\/p>\n","protected":false},"author":13,"featured_media":26069,"comment_status":"closed","ping_status":"open","sticky":false,"template":"","format":"standard","meta":{"_acf_changed":false,"_et_pb_use_builder":"","_et_pb_old_content":"","_et_gb_content_width":"","footnotes":""},"categories":[106],"tags":[],"class_list":["post-26071","post","type-post","status-publish","format-standard","has-post-thumbnail","hentry","category-non-classifiee","et-has-post-format-content","et_post_format-et-post-format-standard"],"acf":[],"yoast_head":"<!-- This site is optimized with the Yoast SEO plugin v26.9 - https:\/\/yoast.com\/product\/yoast-seo-wordpress\/ -->\n<title>Les Prix Nero Annoncent les Laur\u00e9ats 2026 - Nasher News<\/title>\n<meta name=\"robots\" content=\"index, follow, max-snippet:-1, max-image-preview:large, max-video-preview:-1\" \/>\n<link rel=\"canonical\" href=\"https:\/\/nashernews.com\/fr\/les-prix-nero-annoncent-les-laureats-2026\/\" \/>\n<meta property=\"og:locale\" content=\"fr_FR\" \/>\n<meta property=\"og:type\" content=\"article\" \/>\n<meta property=\"og:title\" content=\"Les Prix Nero Annoncent les Laur\u00e9ats 2026 - Nasher News\" \/>\n<meta property=\"og:description\" content=\"L\u2019auteur irlando-canadien Benjamin Wood remporte le prix Nero 2026 dans la cat\u00e9gorie fiction pour Gratte-Mer, un roman sombre et absurde se d\u00e9roulant dans le comt\u00e9 de Mayo. Ce r\u00e9cit, \u00e0 la fois com\u00e9die noire et plong\u00e9e dans l\u2019univers du crime, offre une vision d\u00e9cal\u00e9e d\u2019une petite ville irlandaise. D\u00e9j\u00e0 s\u00e9lectionn\u00e9 pour le Prix Booker 2024, [&hellip;]\" \/>\n<meta property=\"og:url\" content=\"https:\/\/nashernews.com\/fr\/les-prix-nero-annoncent-les-laureats-2026\/\" \/>\n<meta property=\"og:site_name\" content=\"Nasher News\" \/>\n<meta property=\"article:published_time\" content=\"2026-01-20T09:13:36+00:00\" \/>\n<meta property=\"og:image\" content=\"https:\/\/nashernews.com\/wp-content\/uploads\/2026\/01\/WebsitePost541.png\" \/>\n\t<meta property=\"og:image:width\" content=\"960\" \/>\n\t<meta property=\"og:image:height\" content=\"600\" \/>\n\t<meta property=\"og:image:type\" content=\"image\/png\" \/>\n<meta name=\"author\" content=\"Raya Aljadir\" \/>\n<meta name=\"twitter:card\" content=\"summary_large_image\" \/>\n<meta name=\"twitter:label1\" content=\"\u00c9crit par\" \/>\n\t<meta name=\"twitter:data1\" content=\"Raya Aljadir\" \/>\n\t<meta name=\"twitter:label2\" content=\"Dur\u00e9e de lecture estim\u00e9e\" \/>\n\t<meta name=\"twitter:data2\" content=\"2 minutes\" \/>\n<script type=\"application\/ld+json\" class=\"yoast-schema-graph\">{\"@context\":\"https:\/\/schema.org\",\"@graph\":[{\"@type\":\"Article\",\"@id\":\"https:\/\/nashernews.com\/fr\/les-prix-nero-annoncent-les-laureats-2026\/#article\",\"isPartOf\":{\"@id\":\"https:\/\/nashernews.com\/fr\/les-prix-nero-annoncent-les-laureats-2026\/\"},\"author\":{\"name\":\"Raya Aljadir\",\"@id\":\"https:\/\/nashernews.com\/ar\/#\/schema\/person\/33dc5e72e32c7f0517259d002b86eed1\"},\"headline\":\"Les Prix Nero Annoncent les Laur\u00e9ats 2026\",\"datePublished\":\"2026-01-20T09:13:36+00:00\",\"mainEntityOfPage\":{\"@id\":\"https:\/\/nashernews.com\/fr\/les-prix-nero-annoncent-les-laureats-2026\/\"},\"wordCount\":382,\"image\":{\"@id\":\"https:\/\/nashernews.com\/fr\/les-prix-nero-annoncent-les-laureats-2026\/#primaryimage\"},\"thumbnailUrl\":\"https:\/\/nashernews.com\/wp-content\/uploads\/2026\/01\/WebsitePost541.png\",\"articleSection\":[\"Actualit\u00e9s\"],\"inLanguage\":\"fr-FR\"},{\"@type\":\"WebPage\",\"@id\":\"https:\/\/nashernews.com\/fr\/les-prix-nero-annoncent-les-laureats-2026\/\",\"url\":\"https:\/\/nashernews.com\/fr\/les-prix-nero-annoncent-les-laureats-2026\/\",\"name\":\"Les Prix Nero Annoncent les Laur\u00e9ats 2026 - Nasher News\",\"isPartOf\":{\"@id\":\"https:\/\/nashernews.com\/ar\/#website\"},\"primaryImageOfPage\":{\"@id\":\"https:\/\/nashernews.com\/fr\/les-prix-nero-annoncent-les-laureats-2026\/#primaryimage\"},\"image\":{\"@id\":\"https:\/\/nashernews.com\/fr\/les-prix-nero-annoncent-les-laureats-2026\/#primaryimage\"},\"thumbnailUrl\":\"https:\/\/nashernews.com\/wp-content\/uploads\/2026\/01\/WebsitePost541.png\",\"datePublished\":\"2026-01-20T09:13:36+00:00\",\"author\":{\"@id\":\"https:\/\/nashernews.com\/ar\/#\/schema\/person\/33dc5e72e32c7f0517259d002b86eed1\"},\"breadcrumb\":{\"@id\":\"https:\/\/nashernews.com\/fr\/les-prix-nero-annoncent-les-laureats-2026\/#breadcrumb\"},\"inLanguage\":\"fr-FR\",\"potentialAction\":[{\"@type\":\"ReadAction\",\"target\":[\"https:\/\/nashernews.com\/fr\/les-prix-nero-annoncent-les-laureats-2026\/\"]}]},{\"@type\":\"ImageObject\",\"inLanguage\":\"fr-FR\",\"@id\":\"https:\/\/nashernews.com\/fr\/les-prix-nero-annoncent-les-laureats-2026\/#primaryimage\",\"url\":\"https:\/\/nashernews.com\/wp-content\/uploads\/2026\/01\/WebsitePost541.png\",\"contentUrl\":\"https:\/\/nashernews.com\/wp-content\/uploads\/2026\/01\/WebsitePost541.png\",\"width\":960,\"height\":600},{\"@type\":\"BreadcrumbList\",\"@id\":\"https:\/\/nashernews.com\/fr\/les-prix-nero-annoncent-les-laureats-2026\/#breadcrumb\",\"itemListElement\":[{\"@type\":\"ListItem\",\"position\":1,\"name\":\"Home\",\"item\":\"https:\/\/nashernews.com\/ar\/\"},{\"@type\":\"ListItem\",\"position\":2,\"name\":\"Les Prix Nero Annoncent les Laur\u00e9ats 2026\"}]},{\"@type\":\"WebSite\",\"@id\":\"https:\/\/nashernews.com\/ar\/#website\",\"url\":\"https:\/\/nashernews.com\/ar\/\",\"name\":\"Nasher News\",\"description\":\"World&#039;s first professional hub for Arab Publishers\",\"potentialAction\":[{\"@type\":\"SearchAction\",\"target\":{\"@type\":\"EntryPoint\",\"urlTemplate\":\"https:\/\/nashernews.com\/ar\/?s={search_term_string}\"},\"query-input\":{\"@type\":\"PropertyValueSpecification\",\"valueRequired\":true,\"valueName\":\"search_term_string\"}}],\"inLanguage\":\"fr-FR\"},{\"@type\":\"Person\",\"@id\":\"https:\/\/nashernews.com\/ar\/#\/schema\/person\/33dc5e72e32c7f0517259d002b86eed1\",\"name\":\"Raya Aljadir\",\"image\":{\"@type\":\"ImageObject\",\"inLanguage\":\"fr-FR\",\"@id\":\"https:\/\/nashernews.com\/ar\/#\/schema\/person\/image\/\",\"url\":\"https:\/\/nashernews.com\/wp-content\/uploads\/2022\/04\/116439499_617879905509734_4186273809389279650_n-8165X165px100dpi-copy-96x96.jpg\",\"contentUrl\":\"https:\/\/nashernews.com\/wp-content\/uploads\/2022\/04\/116439499_617879905509734_4186273809389279650_n-8165X165px100dpi-copy-96x96.jpg\",\"caption\":\"Raya Aljadir\"},\"url\":\"https:\/\/nashernews.com\/fr\/author\/raya\/\"}]}<\/script>\n<!-- \/ Yoast SEO plugin. -->","yoast_head_json":{"title":"Les Prix Nero Annoncent les Laur\u00e9ats 2026 - Nasher News","robots":{"index":"index","follow":"follow","max-snippet":"max-snippet:-1","max-image-preview":"max-image-preview:large","max-video-preview":"max-video-preview:-1"},"canonical":"https:\/\/nashernews.com\/fr\/les-prix-nero-annoncent-les-laureats-2026\/","og_locale":"fr_FR","og_type":"article","og_title":"Les Prix Nero Annoncent les Laur\u00e9ats 2026 - Nasher News","og_description":"L\u2019auteur irlando-canadien Benjamin Wood remporte le prix Nero 2026 dans la cat\u00e9gorie fiction pour Gratte-Mer, un roman sombre et absurde se d\u00e9roulant dans le comt\u00e9 de Mayo. Ce r\u00e9cit, \u00e0 la fois com\u00e9die noire et plong\u00e9e dans l\u2019univers du crime, offre une vision d\u00e9cal\u00e9e d\u2019une petite ville irlandaise. D\u00e9j\u00e0 s\u00e9lectionn\u00e9 pour le Prix Booker 2024, [&hellip;]","og_url":"https:\/\/nashernews.com\/fr\/les-prix-nero-annoncent-les-laureats-2026\/","og_site_name":"Nasher News","article_published_time":"2026-01-20T09:13:36+00:00","og_image":[{"width":960,"height":600,"url":"https:\/\/nashernews.com\/wp-content\/uploads\/2026\/01\/WebsitePost541.png","type":"image\/png"}],"author":"Raya Aljadir","twitter_card":"summary_large_image","twitter_misc":{"\u00c9crit par":"Raya Aljadir","Dur\u00e9e de lecture estim\u00e9e":"2 minutes"},"schema":{"@context":"https:\/\/schema.org","@graph":[{"@type":"Article","@id":"https:\/\/nashernews.com\/fr\/les-prix-nero-annoncent-les-laureats-2026\/#article","isPartOf":{"@id":"https:\/\/nashernews.com\/fr\/les-prix-nero-annoncent-les-laureats-2026\/"},"author":{"name":"Raya Aljadir","@id":"https:\/\/nashernews.com\/ar\/#\/schema\/person\/33dc5e72e32c7f0517259d002b86eed1"},"headline":"Les Prix Nero Annoncent les Laur\u00e9ats 2026","datePublished":"2026-01-20T09:13:36+00:00","mainEntityOfPage":{"@id":"https:\/\/nashernews.com\/fr\/les-prix-nero-annoncent-les-laureats-2026\/"},"wordCount":382,"image":{"@id":"https:\/\/nashernews.com\/fr\/les-prix-nero-annoncent-les-laureats-2026\/#primaryimage"},"thumbnailUrl":"https:\/\/nashernews.com\/wp-content\/uploads\/2026\/01\/WebsitePost541.png","articleSection":["Actualit\u00e9s"],"inLanguage":"fr-FR"},{"@type":"WebPage","@id":"https:\/\/nashernews.com\/fr\/les-prix-nero-annoncent-les-laureats-2026\/","url":"https:\/\/nashernews.com\/fr\/les-prix-nero-annoncent-les-laureats-2026\/","name":"Les Prix Nero Annoncent les Laur\u00e9ats 2026 - Nasher News","isPartOf":{"@id":"https:\/\/nashernews.com\/ar\/#website"},"primaryImageOfPage":{"@id":"https:\/\/nashernews.com\/fr\/les-prix-nero-annoncent-les-laureats-2026\/#primaryimage"},"image":{"@id":"https:\/\/nashernews.com\/fr\/les-prix-nero-annoncent-les-laureats-2026\/#primaryimage"},"thumbnailUrl":"https:\/\/nashernews.com\/wp-content\/uploads\/2026\/01\/WebsitePost541.png","datePublished":"2026-01-20T09:13:36+00:00","author":{"@id":"https:\/\/nashernews.com\/ar\/#\/schema\/person\/33dc5e72e32c7f0517259d002b86eed1"},"breadcrumb":{"@id":"https:\/\/nashernews.com\/fr\/les-prix-nero-annoncent-les-laureats-2026\/#breadcrumb"},"inLanguage":"fr-FR","potentialAction":[{"@type":"ReadAction","target":["https:\/\/nashernews.com\/fr\/les-prix-nero-annoncent-les-laureats-2026\/"]}]},{"@type":"ImageObject","inLanguage":"fr-FR","@id":"https:\/\/nashernews.com\/fr\/les-prix-nero-annoncent-les-laureats-2026\/#primaryimage","url":"https:\/\/nashernews.com\/wp-content\/uploads\/2026\/01\/WebsitePost541.png","contentUrl":"https:\/\/nashernews.com\/wp-content\/uploads\/2026\/01\/WebsitePost541.png","width":960,"height":600},{"@type":"BreadcrumbList","@id":"https:\/\/nashernews.com\/fr\/les-prix-nero-annoncent-les-laureats-2026\/#breadcrumb","itemListElement":[{"@type":"ListItem","position":1,"name":"Home","item":"https:\/\/nashernews.com\/ar\/"},{"@type":"ListItem","position":2,"name":"Les Prix Nero Annoncent les Laur\u00e9ats 2026"}]},{"@type":"WebSite","@id":"https:\/\/nashernews.com\/ar\/#website","url":"https:\/\/nashernews.com\/ar\/","name":"Nasher News","description":"World&#039;s first professional hub for Arab Publishers","potentialAction":[{"@type":"SearchAction","target":{"@type":"EntryPoint","urlTemplate":"https:\/\/nashernews.com\/ar\/?s={search_term_string}"},"query-input":{"@type":"PropertyValueSpecification","valueRequired":true,"valueName":"search_term_string"}}],"inLanguage":"fr-FR"},{"@type":"Person","@id":"https:\/\/nashernews.com\/ar\/#\/schema\/person\/33dc5e72e32c7f0517259d002b86eed1","name":"Raya Aljadir","image":{"@type":"ImageObject","inLanguage":"fr-FR","@id":"https:\/\/nashernews.com\/ar\/#\/schema\/person\/image\/","url":"https:\/\/nashernews.com\/wp-content\/uploads\/2022\/04\/116439499_617879905509734_4186273809389279650_n-8165X165px100dpi-copy-96x96.jpg","contentUrl":"https:\/\/nashernews.com\/wp-content\/uploads\/2022\/04\/116439499_617879905509734_4186273809389279650_n-8165X165px100dpi-copy-96x96.jpg","caption":"Raya Aljadir"},"url":"https:\/\/nashernews.com\/fr\/author\/raya\/"}]}},"_links":{"self":[{"href":"https:\/\/nashernews.com\/fr\/wp-json\/wp\/v2\/posts\/26071","targetHints":{"allow":["GET"]}}],"collection":[{"href":"https:\/\/nashernews.com\/fr\/wp-json\/wp\/v2\/posts"}],"about":[{"href":"https:\/\/nashernews.com\/fr\/wp-json\/wp\/v2\/types\/post"}],"author":[{"embeddable":true,"href":"https:\/\/nashernews.com\/fr\/wp-json\/wp\/v2\/users\/13"}],"replies":[{"embeddable":true,"href":"https:\/\/nashernews.com\/fr\/wp-json\/wp\/v2\/comments?post=26071"}],"version-history":[{"count":0,"href":"https:\/\/nashernews.com\/fr\/wp-json\/wp\/v2\/posts\/26071\/revisions"}],"wp:featuredmedia":[{"embeddable":true,"href":"https:\/\/nashernews.com\/fr\/wp-json\/wp\/v2\/media\/26069"}],"wp:attachment":[{"href":"https:\/\/nashernews.com\/fr\/wp-json\/wp\/v2\/media?parent=26071"}],"wp:term":[{"taxonomy":"category","embeddable":true,"href":"https:\/\/nashernews.com\/fr\/wp-json\/wp\/v2\/categories?post=26071"},{"taxonomy":"post_tag","embeddable":true,"href":"https:\/\/nashernews.com\/fr\/wp-json\/wp\/v2\/tags?post=26071"}],"curies":[{"name":"wp","href":"https:\/\/api.w.org\/{rel}","templated":true}]}}