{"id":25647,"date":"2025-10-10T11:26:00","date_gmt":"2025-10-10T07:26:00","guid":{"rendered":"https:\/\/nashernews.com\/prix-national-du-livre-2025-les-finalistes-racontent-leur-histoire\/"},"modified":"2025-10-10T11:26:00","modified_gmt":"2025-10-10T07:26:00","slug":"prix-national-du-livre-2025-les-finalistes-racontent-leur-histoire","status":"publish","type":"post","link":"https:\/\/nashernews.com\/fr\/prix-national-du-livre-2025-les-finalistes-racontent-leur-histoire\/","title":{"rendered":"Prix National du Livre 2025 : Les Finalistes Racontent Leur Histoire"},"content":{"rendered":"<p><span style=\"font-weight: 400;\">La course au National Book Award (Prix National du Livre) 2025 r\u00e9unit cinq \u00e9crivains aux voix singuli\u00e8res dans la cat\u00e9gorie fiction : The True True Story of Raja the Gullible (and His Mother) (La Vraie Vraie Histoire de Raja le Cr\u00e9dule [et de sa m\u00e8re]) de Rabih Alameddine, Palaver de Bryan Washington, The Antidote (L\u2019Antidote) de Karen Russell, A Guardian and a Thief (Un Gardien et un Voleur) de Megha Majumdar, et North Sun: Or, the Voyage of the Whaleship Esther (Soleil du Nord : ou le Voyage du baleinier Esther) d\u2019Ethan Rutherford. Ces romans abordent des r\u00e9cits familiaux, des territoires intimes et des p\u00e9riodes troubl\u00e9es, avec une libert\u00e9 narrative affirm\u00e9e. Le jury de cette ann\u00e9e a s\u00e9lectionn\u00e9 ces \u0153uvres parmi 434 titres soumis, t\u00e9moignant de la vitalit\u00e9 de la litt\u00e9rature nord-am\u00e9ricaine contemporaine.<\/span><\/p>\n<p><span style=\"font-weight: 400;\">Du c\u00f4t\u00e9 des essais (non-fiction), cinq finalistes apportent une lecture critique du monde actuel. Omar El Akkad concourt avec One Day, Everyone Will Have Always Been Against This (Un jour, tous auront toujours \u00e9t\u00e9 contre cela), une r\u00e9flexion sur la complicit\u00e9 occidentale dans la destruction de Gaza. \u00c0 ses c\u00f4t\u00e9s figurent Motherland: A Feminist History of Modern Russia, from Revolution to Autocracy (M\u00e8re Patrie : une histoire f\u00e9ministe de la Russie moderne) de Julia Ioffe, Things in Nature Merely Grow (Les Choses dans la nature poussent simplement) de Yiyun Li, Wards of the State (Pupilles de l\u2019\u00c9tat) de Claudia Rowe et When It All Burns (Quand tout br\u00fble) de Jordan Thomas. Tous sont finalistes pour la premi\u00e8re fois. Leurs textes naviguent entre m\u00e9moire collective, critique sociale et engagement intellectuel.<\/span><\/p>\n<p><span style=\"font-weight: 400;\">Dans les autres cat\u00e9gories, on retrouve The New Economy (La Nouvelle \u00c9conomie) de Gabrielle Calvocoressi et Becoming Ghost (Devenir Fant\u00f4me) de Cathy Linh Che parmi les finalistes en po\u00e9sie. Pour la litt\u00e9rature jeunesse, des auteurs comme Kyle Lukoff (A World Worth Saving \u2013 Un Monde qui M\u00e9rite d\u2019\u00eatre Sauv\u00e9) et Ibi Zoboi ([S]Kin \u2013 [P]eau) interrogent l\u2019identit\u00e9 et l\u2019h\u00e9ritage. Enfin, la litt\u00e9rature traduite s\u2019illustre avec Sad Tiger (Tigre Triste) de Neige Sinno, traduit par Natasha Lehrer. La c\u00e9r\u00e9monie aura lieu le 18 novembre \u00e0 New York, et les laur\u00e9ats recevront 10 000 dollars (environ 9 200 euros), une m\u00e9daille et une statuette, tandis que chaque finaliste recevra 1 000 dollars (environ 920 euros). Cette s\u00e9lection 2025 refl\u00e8te un paysage litt\u00e9raire pluriel, entre innovation formelle, m\u00e9moire des luttes et r\u00e9cits transfrontaliers.<\/span><\/p>\n<p>&nbsp;<\/p>\n","protected":false},"excerpt":{"rendered":"<p>La course au National Book Award (Prix National du Livre) 2025 r\u00e9unit cinq \u00e9crivains aux voix singuli\u00e8res dans la cat\u00e9gorie fiction : The True True Story of Raja the Gullible (and His Mother) (La Vraie Vraie Histoire de Raja le Cr\u00e9dule [et de sa m\u00e8re]) de Rabih Alameddine, Palaver de Bryan Washington, The Antidote (L\u2019Antidote) [&hellip;]<\/p>\n","protected":false},"author":34,"featured_media":25645,"comment_status":"closed","ping_status":"open","sticky":false,"template":"","format":"standard","meta":{"_acf_changed":false,"_et_pb_use_builder":"","_et_pb_old_content":"","_et_gb_content_width":"","footnotes":""},"categories":[106],"tags":[],"class_list":["post-25647","post","type-post","status-publish","format-standard","has-post-thumbnail","hentry","category-non-classifiee","et-has-post-format-content","et_post_format-et-post-format-standard"],"acf":[],"yoast_head":"<!-- This site is optimized with the Yoast SEO plugin v26.9 - https:\/\/yoast.com\/product\/yoast-seo-wordpress\/ -->\n<title>Prix National du Livre 2025 : Les Finalistes Racontent Leur Histoire - Nasher News<\/title>\n<meta name=\"robots\" content=\"index, follow, max-snippet:-1, max-image-preview:large, max-video-preview:-1\" \/>\n<link rel=\"canonical\" href=\"https:\/\/nashernews.com\/fr\/prix-national-du-livre-2025-les-finalistes-racontent-leur-histoire\/\" \/>\n<meta property=\"og:locale\" content=\"fr_FR\" \/>\n<meta property=\"og:type\" content=\"article\" \/>\n<meta property=\"og:title\" content=\"Prix National du Livre 2025 : Les Finalistes Racontent Leur Histoire - Nasher News\" \/>\n<meta property=\"og:description\" content=\"La course au National Book Award (Prix National du Livre) 2025 r\u00e9unit cinq \u00e9crivains aux voix singuli\u00e8res dans la cat\u00e9gorie fiction : The True True Story of Raja the Gullible (and His Mother) (La Vraie Vraie Histoire de Raja le Cr\u00e9dule [et de sa m\u00e8re]) de Rabih Alameddine, Palaver de Bryan Washington, The Antidote (L\u2019Antidote) [&hellip;]\" \/>\n<meta property=\"og:url\" content=\"https:\/\/nashernews.com\/fr\/prix-national-du-livre-2025-les-finalistes-racontent-leur-histoire\/\" \/>\n<meta property=\"og:site_name\" content=\"Nasher News\" \/>\n<meta property=\"article:published_time\" content=\"2025-10-10T07:26:00+00:00\" \/>\n<meta property=\"og:image\" content=\"https:\/\/nashernews.com\/wp-content\/uploads\/2025\/10\/WebsitePost484.png\" \/>\n\t<meta property=\"og:image:width\" content=\"960\" \/>\n\t<meta property=\"og:image:height\" content=\"600\" \/>\n\t<meta property=\"og:image:type\" content=\"image\/png\" \/>\n<meta name=\"author\" content=\"Nasher News\" \/>\n<meta name=\"twitter:card\" content=\"summary_large_image\" \/>\n<meta name=\"twitter:label1\" content=\"\u00c9crit par\" \/>\n\t<meta name=\"twitter:data1\" content=\"Nasher News\" \/>\n\t<meta name=\"twitter:label2\" content=\"Dur\u00e9e de lecture estim\u00e9e\" \/>\n\t<meta name=\"twitter:data2\" content=\"2 minutes\" \/>\n<script type=\"application\/ld+json\" class=\"yoast-schema-graph\">{\"@context\":\"https:\/\/schema.org\",\"@graph\":[{\"@type\":\"Article\",\"@id\":\"https:\/\/nashernews.com\/fr\/prix-national-du-livre-2025-les-finalistes-racontent-leur-histoire\/#article\",\"isPartOf\":{\"@id\":\"https:\/\/nashernews.com\/fr\/prix-national-du-livre-2025-les-finalistes-racontent-leur-histoire\/\"},\"author\":{\"name\":\"Nasher News\",\"@id\":\"https:\/\/nashernews.com\/ar\/#\/schema\/person\/8eb355323077b6b4d85b2e161bafd5fe\"},\"headline\":\"Prix National du Livre 2025 : Les Finalistes Racontent Leur Histoire\",\"datePublished\":\"2025-10-10T07:26:00+00:00\",\"mainEntityOfPage\":{\"@id\":\"https:\/\/nashernews.com\/fr\/prix-national-du-livre-2025-les-finalistes-racontent-leur-histoire\/\"},\"wordCount\":432,\"image\":{\"@id\":\"https:\/\/nashernews.com\/fr\/prix-national-du-livre-2025-les-finalistes-racontent-leur-histoire\/#primaryimage\"},\"thumbnailUrl\":\"https:\/\/nashernews.com\/wp-content\/uploads\/2025\/10\/WebsitePost484.png\",\"articleSection\":[\"Actualit\u00e9s\"],\"inLanguage\":\"fr-FR\"},{\"@type\":\"WebPage\",\"@id\":\"https:\/\/nashernews.com\/fr\/prix-national-du-livre-2025-les-finalistes-racontent-leur-histoire\/\",\"url\":\"https:\/\/nashernews.com\/fr\/prix-national-du-livre-2025-les-finalistes-racontent-leur-histoire\/\",\"name\":\"Prix National du Livre 2025 : Les Finalistes Racontent Leur Histoire - Nasher News\",\"isPartOf\":{\"@id\":\"https:\/\/nashernews.com\/ar\/#website\"},\"primaryImageOfPage\":{\"@id\":\"https:\/\/nashernews.com\/fr\/prix-national-du-livre-2025-les-finalistes-racontent-leur-histoire\/#primaryimage\"},\"image\":{\"@id\":\"https:\/\/nashernews.com\/fr\/prix-national-du-livre-2025-les-finalistes-racontent-leur-histoire\/#primaryimage\"},\"thumbnailUrl\":\"https:\/\/nashernews.com\/wp-content\/uploads\/2025\/10\/WebsitePost484.png\",\"datePublished\":\"2025-10-10T07:26:00+00:00\",\"author\":{\"@id\":\"https:\/\/nashernews.com\/ar\/#\/schema\/person\/8eb355323077b6b4d85b2e161bafd5fe\"},\"breadcrumb\":{\"@id\":\"https:\/\/nashernews.com\/fr\/prix-national-du-livre-2025-les-finalistes-racontent-leur-histoire\/#breadcrumb\"},\"inLanguage\":\"fr-FR\",\"potentialAction\":[{\"@type\":\"ReadAction\",\"target\":[\"https:\/\/nashernews.com\/fr\/prix-national-du-livre-2025-les-finalistes-racontent-leur-histoire\/\"]}]},{\"@type\":\"ImageObject\",\"inLanguage\":\"fr-FR\",\"@id\":\"https:\/\/nashernews.com\/fr\/prix-national-du-livre-2025-les-finalistes-racontent-leur-histoire\/#primaryimage\",\"url\":\"https:\/\/nashernews.com\/wp-content\/uploads\/2025\/10\/WebsitePost484.png\",\"contentUrl\":\"https:\/\/nashernews.com\/wp-content\/uploads\/2025\/10\/WebsitePost484.png\",\"width\":960,\"height\":600},{\"@type\":\"BreadcrumbList\",\"@id\":\"https:\/\/nashernews.com\/fr\/prix-national-du-livre-2025-les-finalistes-racontent-leur-histoire\/#breadcrumb\",\"itemListElement\":[{\"@type\":\"ListItem\",\"position\":1,\"name\":\"Home\",\"item\":\"https:\/\/nashernews.com\/ar\/\"},{\"@type\":\"ListItem\",\"position\":2,\"name\":\"Prix National du Livre 2025 : Les Finalistes Racontent Leur Histoire\"}]},{\"@type\":\"WebSite\",\"@id\":\"https:\/\/nashernews.com\/ar\/#website\",\"url\":\"https:\/\/nashernews.com\/ar\/\",\"name\":\"Nasher News\",\"description\":\"World&#039;s first professional hub for Arab Publishers\",\"potentialAction\":[{\"@type\":\"SearchAction\",\"target\":{\"@type\":\"EntryPoint\",\"urlTemplate\":\"https:\/\/nashernews.com\/ar\/?s={search_term_string}\"},\"query-input\":{\"@type\":\"PropertyValueSpecification\",\"valueRequired\":true,\"valueName\":\"search_term_string\"}}],\"inLanguage\":\"fr-FR\"},{\"@type\":\"Person\",\"@id\":\"https:\/\/nashernews.com\/ar\/#\/schema\/person\/8eb355323077b6b4d85b2e161bafd5fe\",\"name\":\"Nasher News\",\"image\":{\"@type\":\"ImageObject\",\"inLanguage\":\"fr-FR\",\"@id\":\"https:\/\/nashernews.com\/ar\/#\/schema\/person\/image\/\",\"url\":\"https:\/\/secure.gravatar.com\/avatar\/5871b7e78e57da091cfeee9f9c4fb36f65ea2455dc9de0bdb53d5ea41cdce372?s=96&d=mm&r=g\",\"contentUrl\":\"https:\/\/secure.gravatar.com\/avatar\/5871b7e78e57da091cfeee9f9c4fb36f65ea2455dc9de0bdb53d5ea41cdce372?s=96&d=mm&r=g\",\"caption\":\"Nasher News\"},\"url\":\"https:\/\/nashernews.com\/fr\/author\/adminnasher\/\"}]}<\/script>\n<!-- \/ Yoast SEO plugin. -->","yoast_head_json":{"title":"Prix National du Livre 2025 : Les Finalistes Racontent Leur Histoire - Nasher News","robots":{"index":"index","follow":"follow","max-snippet":"max-snippet:-1","max-image-preview":"max-image-preview:large","max-video-preview":"max-video-preview:-1"},"canonical":"https:\/\/nashernews.com\/fr\/prix-national-du-livre-2025-les-finalistes-racontent-leur-histoire\/","og_locale":"fr_FR","og_type":"article","og_title":"Prix National du Livre 2025 : Les Finalistes Racontent Leur Histoire - Nasher News","og_description":"La course au National Book Award (Prix National du Livre) 2025 r\u00e9unit cinq \u00e9crivains aux voix singuli\u00e8res dans la cat\u00e9gorie fiction : The True True Story of Raja the Gullible (and His Mother) (La Vraie Vraie Histoire de Raja le Cr\u00e9dule [et de sa m\u00e8re]) de Rabih Alameddine, Palaver de Bryan Washington, The Antidote (L\u2019Antidote) [&hellip;]","og_url":"https:\/\/nashernews.com\/fr\/prix-national-du-livre-2025-les-finalistes-racontent-leur-histoire\/","og_site_name":"Nasher News","article_published_time":"2025-10-10T07:26:00+00:00","og_image":[{"width":960,"height":600,"url":"https:\/\/nashernews.com\/wp-content\/uploads\/2025\/10\/WebsitePost484.png","type":"image\/png"}],"author":"Nasher News","twitter_card":"summary_large_image","twitter_misc":{"\u00c9crit par":"Nasher News","Dur\u00e9e de lecture estim\u00e9e":"2 minutes"},"schema":{"@context":"https:\/\/schema.org","@graph":[{"@type":"Article","@id":"https:\/\/nashernews.com\/fr\/prix-national-du-livre-2025-les-finalistes-racontent-leur-histoire\/#article","isPartOf":{"@id":"https:\/\/nashernews.com\/fr\/prix-national-du-livre-2025-les-finalistes-racontent-leur-histoire\/"},"author":{"name":"Nasher News","@id":"https:\/\/nashernews.com\/ar\/#\/schema\/person\/8eb355323077b6b4d85b2e161bafd5fe"},"headline":"Prix National du Livre 2025 : Les Finalistes Racontent Leur Histoire","datePublished":"2025-10-10T07:26:00+00:00","mainEntityOfPage":{"@id":"https:\/\/nashernews.com\/fr\/prix-national-du-livre-2025-les-finalistes-racontent-leur-histoire\/"},"wordCount":432,"image":{"@id":"https:\/\/nashernews.com\/fr\/prix-national-du-livre-2025-les-finalistes-racontent-leur-histoire\/#primaryimage"},"thumbnailUrl":"https:\/\/nashernews.com\/wp-content\/uploads\/2025\/10\/WebsitePost484.png","articleSection":["Actualit\u00e9s"],"inLanguage":"fr-FR"},{"@type":"WebPage","@id":"https:\/\/nashernews.com\/fr\/prix-national-du-livre-2025-les-finalistes-racontent-leur-histoire\/","url":"https:\/\/nashernews.com\/fr\/prix-national-du-livre-2025-les-finalistes-racontent-leur-histoire\/","name":"Prix National du Livre 2025 : Les Finalistes Racontent Leur Histoire - Nasher News","isPartOf":{"@id":"https:\/\/nashernews.com\/ar\/#website"},"primaryImageOfPage":{"@id":"https:\/\/nashernews.com\/fr\/prix-national-du-livre-2025-les-finalistes-racontent-leur-histoire\/#primaryimage"},"image":{"@id":"https:\/\/nashernews.com\/fr\/prix-national-du-livre-2025-les-finalistes-racontent-leur-histoire\/#primaryimage"},"thumbnailUrl":"https:\/\/nashernews.com\/wp-content\/uploads\/2025\/10\/WebsitePost484.png","datePublished":"2025-10-10T07:26:00+00:00","author":{"@id":"https:\/\/nashernews.com\/ar\/#\/schema\/person\/8eb355323077b6b4d85b2e161bafd5fe"},"breadcrumb":{"@id":"https:\/\/nashernews.com\/fr\/prix-national-du-livre-2025-les-finalistes-racontent-leur-histoire\/#breadcrumb"},"inLanguage":"fr-FR","potentialAction":[{"@type":"ReadAction","target":["https:\/\/nashernews.com\/fr\/prix-national-du-livre-2025-les-finalistes-racontent-leur-histoire\/"]}]},{"@type":"ImageObject","inLanguage":"fr-FR","@id":"https:\/\/nashernews.com\/fr\/prix-national-du-livre-2025-les-finalistes-racontent-leur-histoire\/#primaryimage","url":"https:\/\/nashernews.com\/wp-content\/uploads\/2025\/10\/WebsitePost484.png","contentUrl":"https:\/\/nashernews.com\/wp-content\/uploads\/2025\/10\/WebsitePost484.png","width":960,"height":600},{"@type":"BreadcrumbList","@id":"https:\/\/nashernews.com\/fr\/prix-national-du-livre-2025-les-finalistes-racontent-leur-histoire\/#breadcrumb","itemListElement":[{"@type":"ListItem","position":1,"name":"Home","item":"https:\/\/nashernews.com\/ar\/"},{"@type":"ListItem","position":2,"name":"Prix National du Livre 2025 : Les Finalistes Racontent Leur Histoire"}]},{"@type":"WebSite","@id":"https:\/\/nashernews.com\/ar\/#website","url":"https:\/\/nashernews.com\/ar\/","name":"Nasher News","description":"World&#039;s first professional hub for Arab Publishers","potentialAction":[{"@type":"SearchAction","target":{"@type":"EntryPoint","urlTemplate":"https:\/\/nashernews.com\/ar\/?s={search_term_string}"},"query-input":{"@type":"PropertyValueSpecification","valueRequired":true,"valueName":"search_term_string"}}],"inLanguage":"fr-FR"},{"@type":"Person","@id":"https:\/\/nashernews.com\/ar\/#\/schema\/person\/8eb355323077b6b4d85b2e161bafd5fe","name":"Nasher News","image":{"@type":"ImageObject","inLanguage":"fr-FR","@id":"https:\/\/nashernews.com\/ar\/#\/schema\/person\/image\/","url":"https:\/\/secure.gravatar.com\/avatar\/5871b7e78e57da091cfeee9f9c4fb36f65ea2455dc9de0bdb53d5ea41cdce372?s=96&d=mm&r=g","contentUrl":"https:\/\/secure.gravatar.com\/avatar\/5871b7e78e57da091cfeee9f9c4fb36f65ea2455dc9de0bdb53d5ea41cdce372?s=96&d=mm&r=g","caption":"Nasher News"},"url":"https:\/\/nashernews.com\/fr\/author\/adminnasher\/"}]}},"_links":{"self":[{"href":"https:\/\/nashernews.com\/fr\/wp-json\/wp\/v2\/posts\/25647","targetHints":{"allow":["GET"]}}],"collection":[{"href":"https:\/\/nashernews.com\/fr\/wp-json\/wp\/v2\/posts"}],"about":[{"href":"https:\/\/nashernews.com\/fr\/wp-json\/wp\/v2\/types\/post"}],"author":[{"embeddable":true,"href":"https:\/\/nashernews.com\/fr\/wp-json\/wp\/v2\/users\/34"}],"replies":[{"embeddable":true,"href":"https:\/\/nashernews.com\/fr\/wp-json\/wp\/v2\/comments?post=25647"}],"version-history":[{"count":0,"href":"https:\/\/nashernews.com\/fr\/wp-json\/wp\/v2\/posts\/25647\/revisions"}],"wp:featuredmedia":[{"embeddable":true,"href":"https:\/\/nashernews.com\/fr\/wp-json\/wp\/v2\/media\/25645"}],"wp:attachment":[{"href":"https:\/\/nashernews.com\/fr\/wp-json\/wp\/v2\/media?parent=25647"}],"wp:term":[{"taxonomy":"category","embeddable":true,"href":"https:\/\/nashernews.com\/fr\/wp-json\/wp\/v2\/categories?post=25647"},{"taxonomy":"post_tag","embeddable":true,"href":"https:\/\/nashernews.com\/fr\/wp-json\/wp\/v2\/tags?post=25647"}],"curies":[{"name":"wp","href":"https:\/\/api.w.org\/{rel}","templated":true}]}}