{"id":25453,"date":"2025-09-24T13:11:03","date_gmt":"2025-09-24T09:11:03","guid":{"rendered":"https:\/\/nashernews.com\/le-livre-arabe-entre-dans-lere-numerique-a-abou-dabi\/"},"modified":"2025-09-24T13:11:03","modified_gmt":"2025-09-24T09:11:03","slug":"le-livre-arabe-entre-dans-lere-numerique-a-abou-dabi","status":"publish","type":"post","link":"https:\/\/nashernews.com\/fr\/le-livre-arabe-entre-dans-lere-numerique-a-abou-dabi\/","title":{"rendered":"Le Livre Arabe Entre Dans l\u2019\u00c8re Num\u00e9rique \u00e0 Abou Dabi"},"content":{"rendered":"<p><span style=\"font-weight: 400;\">Abou Dabi, en collaboration avec Amazon, s\u2019appr\u00eate \u00e0 lancer la plus vaste biblioth\u00e8que num\u00e9rique arabe jamais con\u00e7ue, dans le cadre d\u2019un partenariat entre le D\u00e9partement de la Culture et du Tourisme (DCT Abu Dhabi) et le Centre de la Langue Arabe (ALC). Annonc\u00e9e lors du Congr\u00e8s de la langue arabe et des industries cr\u00e9atives, cette initiative pr\u00e9voit, sur les trois prochaines ann\u00e9es, la mise \u00e0 disposition de milliers d\u2019ouvrages en langue arabe, disponibles en formats num\u00e9riques (eBooks) et audio (livres audio). L\u2019objectif est double\u202f: pr\u00e9server le patrimoine litt\u00e9raire tout en r\u00e9pondant aux attentes des nouvelles g\u00e9n\u00e9rations, notamment gr\u00e2ce aux supports Kindle et Audible.<\/span><\/p>\n<p><span style=\"font-weight: 400;\">Ce projet d\u2019envergure s\u2019inscrit dans une strat\u00e9gie plus large visant \u00e0 renforcer la place du monde arabe dans l\u2019\u00e9dition num\u00e9rique mondiale. Avec plus de 400 millions de locuteurs, la langue arabe reste largement sous-repr\u00e9sent\u00e9e sur les plateformes digitales. Le partenariat pr\u00e9voit une collaboration avec les \u00e9diteurs de la r\u00e9gion MENA pour num\u00e9riser les ouvrages existants, soutenue par l\u2019expertise logistique et technologique d\u2019Amazon. L\u2019entreprise mettra en \u0153uvre ses r\u00e9seaux de distribution et de marketing, notamment via Amazon Ads et ses services cloud AWS (Amazon Web Services), afin d\u2019assurer une diffusion mondiale.<\/span><\/p>\n<p><span style=\"font-weight: 400;\">Une enqu\u00eate men\u00e9e aupr\u00e8s de 4\u202f000 jeunes dans dix pays arabes, \u00e9galement pr\u00e9sent\u00e9e au congr\u00e8s, a r\u00e9v\u00e9l\u00e9 un attachement fort \u00e0 la langue arabe \u2013 84\u202f% des r\u00e9pondants la consid\u00e8rent comme essentielle \u00e0 leur identit\u00e9 \u2013 mais aussi une inqui\u00e9tude quant \u00e0 son recul dans les domaines scientifiques et num\u00e9riques. Ce constat conforte l\u2019importance d\u2019une biblioth\u00e8que num\u00e9rique arabe ambitieuse, pens\u00e9e comme un pont entre h\u00e9ritage culturel et avenir technologique.<\/span><\/p>\n<p>&nbsp;<\/p>\n","protected":false},"excerpt":{"rendered":"<p>Abou Dabi, en collaboration avec Amazon, s\u2019appr\u00eate \u00e0 lancer la plus vaste biblioth\u00e8que num\u00e9rique arabe jamais con\u00e7ue, dans le cadre d\u2019un partenariat entre le D\u00e9partement de la Culture et du Tourisme (DCT Abu Dhabi) et le Centre de la Langue Arabe (ALC). Annonc\u00e9e lors du Congr\u00e8s de la langue arabe et des industries cr\u00e9atives, cette [&hellip;]<\/p>\n","protected":false},"author":12,"featured_media":0,"comment_status":"closed","ping_status":"open","sticky":false,"template":"","format":"standard","meta":{"_acf_changed":false,"_et_pb_use_builder":"","_et_pb_old_content":"","_et_gb_content_width":"","footnotes":""},"categories":[106],"tags":[],"class_list":["post-25453","post","type-post","status-publish","format-standard","hentry","category-non-classifiee","et-doesnt-have-format-content","et_post_format-et-post-format-standard"],"acf":[],"yoast_head":"<!-- This site is optimized with the Yoast SEO plugin v26.9 - https:\/\/yoast.com\/product\/yoast-seo-wordpress\/ -->\n<title>Le Livre Arabe Entre Dans l\u2019\u00c8re Num\u00e9rique \u00e0 Abou Dabi - Nasher News<\/title>\n<meta name=\"robots\" content=\"index, follow, max-snippet:-1, max-image-preview:large, max-video-preview:-1\" \/>\n<link rel=\"canonical\" href=\"https:\/\/nashernews.com\/fr\/le-livre-arabe-entre-dans-lere-numerique-a-abou-dabi\/\" \/>\n<meta property=\"og:locale\" content=\"fr_FR\" \/>\n<meta property=\"og:type\" content=\"article\" \/>\n<meta property=\"og:title\" content=\"Le Livre Arabe Entre Dans l\u2019\u00c8re Num\u00e9rique \u00e0 Abou Dabi - Nasher News\" \/>\n<meta property=\"og:description\" content=\"Abou Dabi, en collaboration avec Amazon, s\u2019appr\u00eate \u00e0 lancer la plus vaste biblioth\u00e8que num\u00e9rique arabe jamais con\u00e7ue, dans le cadre d\u2019un partenariat entre le D\u00e9partement de la Culture et du Tourisme (DCT Abu Dhabi) et le Centre de la Langue Arabe (ALC). Annonc\u00e9e lors du Congr\u00e8s de la langue arabe et des industries cr\u00e9atives, cette [&hellip;]\" \/>\n<meta property=\"og:url\" content=\"https:\/\/nashernews.com\/fr\/le-livre-arabe-entre-dans-lere-numerique-a-abou-dabi\/\" \/>\n<meta property=\"og:site_name\" content=\"Nasher News\" \/>\n<meta property=\"article:published_time\" content=\"2025-09-24T09:11:03+00:00\" \/>\n<meta name=\"author\" content=\"Husam Abu Jbara\" \/>\n<meta name=\"twitter:card\" content=\"summary_large_image\" \/>\n<meta name=\"twitter:label1\" content=\"\u00c9crit par\" \/>\n\t<meta name=\"twitter:data1\" content=\"Husam Abu Jbara\" \/>\n\t<meta name=\"twitter:label2\" content=\"Dur\u00e9e de lecture estim\u00e9e\" \/>\n\t<meta name=\"twitter:data2\" content=\"2 minutes\" \/>\n<script type=\"application\/ld+json\" class=\"yoast-schema-graph\">{\"@context\":\"https:\/\/schema.org\",\"@graph\":[{\"@type\":\"Article\",\"@id\":\"https:\/\/nashernews.com\/fr\/le-livre-arabe-entre-dans-lere-numerique-a-abou-dabi\/#article\",\"isPartOf\":{\"@id\":\"https:\/\/nashernews.com\/fr\/le-livre-arabe-entre-dans-lere-numerique-a-abou-dabi\/\"},\"author\":{\"name\":\"Husam Abu Jbara\",\"@id\":\"https:\/\/nashernews.com\/ar\/#\/schema\/person\/29dcf4c183ee0833f4146ae7ea4221ba\"},\"headline\":\"Le Livre Arabe Entre Dans l\u2019\u00c8re Num\u00e9rique \u00e0 Abou Dabi\",\"datePublished\":\"2025-09-24T09:11:03+00:00\",\"mainEntityOfPage\":{\"@id\":\"https:\/\/nashernews.com\/fr\/le-livre-arabe-entre-dans-lere-numerique-a-abou-dabi\/\"},\"wordCount\":317,\"articleSection\":[\"Actualit\u00e9s\"],\"inLanguage\":\"fr-FR\"},{\"@type\":\"WebPage\",\"@id\":\"https:\/\/nashernews.com\/fr\/le-livre-arabe-entre-dans-lere-numerique-a-abou-dabi\/\",\"url\":\"https:\/\/nashernews.com\/fr\/le-livre-arabe-entre-dans-lere-numerique-a-abou-dabi\/\",\"name\":\"Le Livre Arabe Entre Dans l\u2019\u00c8re Num\u00e9rique \u00e0 Abou Dabi - Nasher News\",\"isPartOf\":{\"@id\":\"https:\/\/nashernews.com\/ar\/#website\"},\"datePublished\":\"2025-09-24T09:11:03+00:00\",\"author\":{\"@id\":\"https:\/\/nashernews.com\/ar\/#\/schema\/person\/29dcf4c183ee0833f4146ae7ea4221ba\"},\"breadcrumb\":{\"@id\":\"https:\/\/nashernews.com\/fr\/le-livre-arabe-entre-dans-lere-numerique-a-abou-dabi\/#breadcrumb\"},\"inLanguage\":\"fr-FR\",\"potentialAction\":[{\"@type\":\"ReadAction\",\"target\":[\"https:\/\/nashernews.com\/fr\/le-livre-arabe-entre-dans-lere-numerique-a-abou-dabi\/\"]}]},{\"@type\":\"BreadcrumbList\",\"@id\":\"https:\/\/nashernews.com\/fr\/le-livre-arabe-entre-dans-lere-numerique-a-abou-dabi\/#breadcrumb\",\"itemListElement\":[{\"@type\":\"ListItem\",\"position\":1,\"name\":\"Home\",\"item\":\"https:\/\/nashernews.com\/ar\/\"},{\"@type\":\"ListItem\",\"position\":2,\"name\":\"Le Livre Arabe Entre Dans l\u2019\u00c8re Num\u00e9rique \u00e0 Abou Dabi\"}]},{\"@type\":\"WebSite\",\"@id\":\"https:\/\/nashernews.com\/ar\/#website\",\"url\":\"https:\/\/nashernews.com\/ar\/\",\"name\":\"Nasher News\",\"description\":\"World&#039;s first professional hub for Arab Publishers\",\"potentialAction\":[{\"@type\":\"SearchAction\",\"target\":{\"@type\":\"EntryPoint\",\"urlTemplate\":\"https:\/\/nashernews.com\/ar\/?s={search_term_string}\"},\"query-input\":{\"@type\":\"PropertyValueSpecification\",\"valueRequired\":true,\"valueName\":\"search_term_string\"}}],\"inLanguage\":\"fr-FR\"},{\"@type\":\"Person\",\"@id\":\"https:\/\/nashernews.com\/ar\/#\/schema\/person\/29dcf4c183ee0833f4146ae7ea4221ba\",\"name\":\"Husam Abu Jbara\",\"image\":{\"@type\":\"ImageObject\",\"inLanguage\":\"fr-FR\",\"@id\":\"https:\/\/nashernews.com\/ar\/#\/schema\/person\/image\/\",\"url\":\"https:\/\/nashernews.com\/wp-content\/uploads\/2022\/04\/Husam-AbuJbara-3-copy-96x96.jpg\",\"contentUrl\":\"https:\/\/nashernews.com\/wp-content\/uploads\/2022\/04\/Husam-AbuJbara-3-copy-96x96.jpg\",\"caption\":\"Husam Abu Jbara\"},\"url\":\"https:\/\/nashernews.com\/fr\/author\/husam\/\"}]}<\/script>\n<!-- \/ Yoast SEO plugin. -->","yoast_head_json":{"title":"Le Livre Arabe Entre Dans l\u2019\u00c8re Num\u00e9rique \u00e0 Abou Dabi - Nasher News","robots":{"index":"index","follow":"follow","max-snippet":"max-snippet:-1","max-image-preview":"max-image-preview:large","max-video-preview":"max-video-preview:-1"},"canonical":"https:\/\/nashernews.com\/fr\/le-livre-arabe-entre-dans-lere-numerique-a-abou-dabi\/","og_locale":"fr_FR","og_type":"article","og_title":"Le Livre Arabe Entre Dans l\u2019\u00c8re Num\u00e9rique \u00e0 Abou Dabi - Nasher News","og_description":"Abou Dabi, en collaboration avec Amazon, s\u2019appr\u00eate \u00e0 lancer la plus vaste biblioth\u00e8que num\u00e9rique arabe jamais con\u00e7ue, dans le cadre d\u2019un partenariat entre le D\u00e9partement de la Culture et du Tourisme (DCT Abu Dhabi) et le Centre de la Langue Arabe (ALC). Annonc\u00e9e lors du Congr\u00e8s de la langue arabe et des industries cr\u00e9atives, cette [&hellip;]","og_url":"https:\/\/nashernews.com\/fr\/le-livre-arabe-entre-dans-lere-numerique-a-abou-dabi\/","og_site_name":"Nasher News","article_published_time":"2025-09-24T09:11:03+00:00","author":"Husam Abu Jbara","twitter_card":"summary_large_image","twitter_misc":{"\u00c9crit par":"Husam Abu Jbara","Dur\u00e9e de lecture estim\u00e9e":"2 minutes"},"schema":{"@context":"https:\/\/schema.org","@graph":[{"@type":"Article","@id":"https:\/\/nashernews.com\/fr\/le-livre-arabe-entre-dans-lere-numerique-a-abou-dabi\/#article","isPartOf":{"@id":"https:\/\/nashernews.com\/fr\/le-livre-arabe-entre-dans-lere-numerique-a-abou-dabi\/"},"author":{"name":"Husam Abu Jbara","@id":"https:\/\/nashernews.com\/ar\/#\/schema\/person\/29dcf4c183ee0833f4146ae7ea4221ba"},"headline":"Le Livre Arabe Entre Dans l\u2019\u00c8re Num\u00e9rique \u00e0 Abou Dabi","datePublished":"2025-09-24T09:11:03+00:00","mainEntityOfPage":{"@id":"https:\/\/nashernews.com\/fr\/le-livre-arabe-entre-dans-lere-numerique-a-abou-dabi\/"},"wordCount":317,"articleSection":["Actualit\u00e9s"],"inLanguage":"fr-FR"},{"@type":"WebPage","@id":"https:\/\/nashernews.com\/fr\/le-livre-arabe-entre-dans-lere-numerique-a-abou-dabi\/","url":"https:\/\/nashernews.com\/fr\/le-livre-arabe-entre-dans-lere-numerique-a-abou-dabi\/","name":"Le Livre Arabe Entre Dans l\u2019\u00c8re Num\u00e9rique \u00e0 Abou Dabi - Nasher News","isPartOf":{"@id":"https:\/\/nashernews.com\/ar\/#website"},"datePublished":"2025-09-24T09:11:03+00:00","author":{"@id":"https:\/\/nashernews.com\/ar\/#\/schema\/person\/29dcf4c183ee0833f4146ae7ea4221ba"},"breadcrumb":{"@id":"https:\/\/nashernews.com\/fr\/le-livre-arabe-entre-dans-lere-numerique-a-abou-dabi\/#breadcrumb"},"inLanguage":"fr-FR","potentialAction":[{"@type":"ReadAction","target":["https:\/\/nashernews.com\/fr\/le-livre-arabe-entre-dans-lere-numerique-a-abou-dabi\/"]}]},{"@type":"BreadcrumbList","@id":"https:\/\/nashernews.com\/fr\/le-livre-arabe-entre-dans-lere-numerique-a-abou-dabi\/#breadcrumb","itemListElement":[{"@type":"ListItem","position":1,"name":"Home","item":"https:\/\/nashernews.com\/ar\/"},{"@type":"ListItem","position":2,"name":"Le Livre Arabe Entre Dans l\u2019\u00c8re Num\u00e9rique \u00e0 Abou Dabi"}]},{"@type":"WebSite","@id":"https:\/\/nashernews.com\/ar\/#website","url":"https:\/\/nashernews.com\/ar\/","name":"Nasher News","description":"World&#039;s first professional hub for Arab Publishers","potentialAction":[{"@type":"SearchAction","target":{"@type":"EntryPoint","urlTemplate":"https:\/\/nashernews.com\/ar\/?s={search_term_string}"},"query-input":{"@type":"PropertyValueSpecification","valueRequired":true,"valueName":"search_term_string"}}],"inLanguage":"fr-FR"},{"@type":"Person","@id":"https:\/\/nashernews.com\/ar\/#\/schema\/person\/29dcf4c183ee0833f4146ae7ea4221ba","name":"Husam Abu Jbara","image":{"@type":"ImageObject","inLanguage":"fr-FR","@id":"https:\/\/nashernews.com\/ar\/#\/schema\/person\/image\/","url":"https:\/\/nashernews.com\/wp-content\/uploads\/2022\/04\/Husam-AbuJbara-3-copy-96x96.jpg","contentUrl":"https:\/\/nashernews.com\/wp-content\/uploads\/2022\/04\/Husam-AbuJbara-3-copy-96x96.jpg","caption":"Husam Abu Jbara"},"url":"https:\/\/nashernews.com\/fr\/author\/husam\/"}]}},"_links":{"self":[{"href":"https:\/\/nashernews.com\/fr\/wp-json\/wp\/v2\/posts\/25453","targetHints":{"allow":["GET"]}}],"collection":[{"href":"https:\/\/nashernews.com\/fr\/wp-json\/wp\/v2\/posts"}],"about":[{"href":"https:\/\/nashernews.com\/fr\/wp-json\/wp\/v2\/types\/post"}],"author":[{"embeddable":true,"href":"https:\/\/nashernews.com\/fr\/wp-json\/wp\/v2\/users\/12"}],"replies":[{"embeddable":true,"href":"https:\/\/nashernews.com\/fr\/wp-json\/wp\/v2\/comments?post=25453"}],"version-history":[{"count":0,"href":"https:\/\/nashernews.com\/fr\/wp-json\/wp\/v2\/posts\/25453\/revisions"}],"wp:attachment":[{"href":"https:\/\/nashernews.com\/fr\/wp-json\/wp\/v2\/media?parent=25453"}],"wp:term":[{"taxonomy":"category","embeddable":true,"href":"https:\/\/nashernews.com\/fr\/wp-json\/wp\/v2\/categories?post=25453"},{"taxonomy":"post_tag","embeddable":true,"href":"https:\/\/nashernews.com\/fr\/wp-json\/wp\/v2\/tags?post=25453"}],"curies":[{"name":"wp","href":"https:\/\/api.w.org\/{rel}","templated":true}]}}