{"id":24233,"date":"2025-06-02T13:20:18","date_gmt":"2025-06-02T09:20:18","guid":{"rendered":"https:\/\/nashernews.com\/langleterre-fete-jane-austen\/"},"modified":"2025-06-02T13:20:18","modified_gmt":"2025-06-02T09:20:18","slug":"langleterre-fete-jane-austen","status":"publish","type":"post","link":"https:\/\/nashernews.com\/fr\/langleterre-fete-jane-austen\/","title":{"rendered":"L\u2019Angleterre f\u00eate Jane Austen"},"content":{"rendered":"<p><span style=\"font-weight: 400;\">\u00c0 l\u2019occasion du 250e anniversaire de la naissance de Jane Austen, l\u2019Angleterre s\u2019appr\u00eate \u00e0 rendre hommage \u00e0 l\u2019autrice embl\u00e9matique avec une s\u00e9rie d\u2019\u00e9v\u00e9nements culturels r\u00e9partis dans tout le pays. Expositions, bals costum\u00e9s, conf\u00e9rences et visites guid\u00e9es plongeront les visiteurs dans l\u2019univers de l\u2019\u00e9crivaine qui a marqu\u00e9 \u00e0 jamais la litt\u00e9rature anglaise. De Bath \u00e0 Hampshire en passant par Reading, les villes ayant jalonn\u00e9 sa vie et son \u0153uvre accueilleront les festivit\u00e9s tout au long de l\u2019ann\u00e9e 2025.<\/span><\/p>\n<p><span style=\"font-weight: 400;\">Bath, ville o\u00f9 Jane Austen a v\u00e9cu plusieurs ann\u00e9es et qui a inspir\u00e9 ses romans Northanger Abbey et Persuasion, organisera des bals en costumes d\u2019\u00e9poque, des reconstitutions historiques et des lectures publiques. Le Jane Austen Centre pr\u00e9voit \u00e9galement une exposition immersive in\u00e9dite, retra\u00e7ant la vie de l\u2019autrice \u00e0 travers des objets personnels, des lettres rares et des archives restaur\u00e9es. Hampshire, lieu de sa naissance et de sa derni\u00e8re demeure, proposera des circuits litt\u00e9raires, des ateliers d\u2019\u00e9criture et des soir\u00e9es d\u00e9di\u00e9es \u00e0 la red\u00e9couverte de ses h\u00e9ro\u00efnes intemporelles.<\/span><\/p>\n<p><span style=\"font-weight: 400;\">\u00c0 Reading, la biblioth\u00e8que centrale pr\u00e9sentera une exposition sur la r\u00e9ception critique des \u0153uvres d\u2019Austen \u00e0 travers les si\u00e8cles, et plusieurs universit\u00e9s britanniques organiseront des colloques autour de son style, de son f\u00e9minisme discret et de son h\u00e9ritage culturel. Ces c\u00e9l\u00e9brations visent \u00e0 rappeler l\u2019influence durable de Jane Austen sur la fiction moderne, et \u00e0 r\u00e9unir lecteurs fid\u00e8les et nouvelles g\u00e9n\u00e9rations autour de son \u0153uvre toujours aussi vivante.<\/span><\/p>\n<p>&nbsp;<\/p>\n","protected":false},"excerpt":{"rendered":"<p>\u00c0 l\u2019occasion du 250e anniversaire de la naissance de Jane Austen, l\u2019Angleterre s\u2019appr\u00eate \u00e0 rendre hommage \u00e0 l\u2019autrice embl\u00e9matique avec une s\u00e9rie d\u2019\u00e9v\u00e9nements culturels r\u00e9partis dans tout le pays. Expositions, bals costum\u00e9s, conf\u00e9rences et visites guid\u00e9es plongeront les visiteurs dans l\u2019univers de l\u2019\u00e9crivaine qui a marqu\u00e9 \u00e0 jamais la litt\u00e9rature anglaise. De Bath \u00e0 Hampshire [&hellip;]<\/p>\n","protected":false},"author":13,"featured_media":24232,"comment_status":"closed","ping_status":"open","sticky":false,"template":"","format":"standard","meta":{"_acf_changed":false,"_et_pb_use_builder":"","_et_pb_old_content":"","_et_gb_content_width":"","footnotes":""},"categories":[106],"tags":[],"class_list":["post-24233","post","type-post","status-publish","format-standard","has-post-thumbnail","hentry","category-non-classifiee","et-has-post-format-content","et_post_format-et-post-format-standard"],"acf":[],"yoast_head":"<!-- This site is optimized with the Yoast SEO plugin v26.9 - https:\/\/yoast.com\/product\/yoast-seo-wordpress\/ -->\n<title>L\u2019Angleterre f\u00eate Jane Austen - Nasher News<\/title>\n<meta name=\"robots\" content=\"index, follow, max-snippet:-1, max-image-preview:large, max-video-preview:-1\" \/>\n<link rel=\"canonical\" href=\"https:\/\/nashernews.com\/fr\/langleterre-fete-jane-austen\/\" \/>\n<meta property=\"og:locale\" content=\"fr_FR\" \/>\n<meta property=\"og:type\" content=\"article\" \/>\n<meta property=\"og:title\" content=\"L\u2019Angleterre f\u00eate Jane Austen - Nasher News\" \/>\n<meta property=\"og:description\" content=\"\u00c0 l\u2019occasion du 250e anniversaire de la naissance de Jane Austen, l\u2019Angleterre s\u2019appr\u00eate \u00e0 rendre hommage \u00e0 l\u2019autrice embl\u00e9matique avec une s\u00e9rie d\u2019\u00e9v\u00e9nements culturels r\u00e9partis dans tout le pays. Expositions, bals costum\u00e9s, conf\u00e9rences et visites guid\u00e9es plongeront les visiteurs dans l\u2019univers de l\u2019\u00e9crivaine qui a marqu\u00e9 \u00e0 jamais la litt\u00e9rature anglaise. De Bath \u00e0 Hampshire [&hellip;]\" \/>\n<meta property=\"og:url\" content=\"https:\/\/nashernews.com\/fr\/langleterre-fete-jane-austen\/\" \/>\n<meta property=\"og:site_name\" content=\"Nasher News\" \/>\n<meta property=\"article:published_time\" content=\"2025-06-02T09:20:18+00:00\" \/>\n<meta property=\"og:image\" content=\"https:\/\/nashernews.com\/wp-content\/uploads\/2025\/06\/Nasher-Jane-Austen-WEB-copy.jpg\" \/>\n\t<meta property=\"og:image:width\" content=\"960\" \/>\n\t<meta property=\"og:image:height\" content=\"600\" \/>\n\t<meta property=\"og:image:type\" content=\"image\/jpeg\" \/>\n<meta name=\"author\" content=\"Raya Aljadir\" \/>\n<meta name=\"twitter:card\" content=\"summary_large_image\" \/>\n<meta name=\"twitter:label1\" content=\"\u00c9crit par\" \/>\n\t<meta name=\"twitter:data1\" content=\"Raya Aljadir\" \/>\n\t<meta name=\"twitter:label2\" content=\"Dur\u00e9e de lecture estim\u00e9e\" \/>\n\t<meta name=\"twitter:data2\" content=\"1 minute\" \/>\n<script type=\"application\/ld+json\" class=\"yoast-schema-graph\">{\"@context\":\"https:\/\/schema.org\",\"@graph\":[{\"@type\":\"Article\",\"@id\":\"https:\/\/nashernews.com\/fr\/langleterre-fete-jane-austen\/#article\",\"isPartOf\":{\"@id\":\"https:\/\/nashernews.com\/fr\/langleterre-fete-jane-austen\/\"},\"author\":{\"name\":\"Raya Aljadir\",\"@id\":\"https:\/\/nashernews.com\/ar\/#\/schema\/person\/33dc5e72e32c7f0517259d002b86eed1\"},\"headline\":\"L\u2019Angleterre f\u00eate Jane Austen\",\"datePublished\":\"2025-06-02T09:20:18+00:00\",\"mainEntityOfPage\":{\"@id\":\"https:\/\/nashernews.com\/fr\/langleterre-fete-jane-austen\/\"},\"wordCount\":278,\"image\":{\"@id\":\"https:\/\/nashernews.com\/fr\/langleterre-fete-jane-austen\/#primaryimage\"},\"thumbnailUrl\":\"https:\/\/nashernews.com\/wp-content\/uploads\/2025\/06\/Nasher-Jane-Austen-WEB-copy.jpg\",\"articleSection\":[\"Actualit\u00e9s\"],\"inLanguage\":\"fr-FR\"},{\"@type\":\"WebPage\",\"@id\":\"https:\/\/nashernews.com\/fr\/langleterre-fete-jane-austen\/\",\"url\":\"https:\/\/nashernews.com\/fr\/langleterre-fete-jane-austen\/\",\"name\":\"L\u2019Angleterre f\u00eate Jane Austen - Nasher News\",\"isPartOf\":{\"@id\":\"https:\/\/nashernews.com\/ar\/#website\"},\"primaryImageOfPage\":{\"@id\":\"https:\/\/nashernews.com\/fr\/langleterre-fete-jane-austen\/#primaryimage\"},\"image\":{\"@id\":\"https:\/\/nashernews.com\/fr\/langleterre-fete-jane-austen\/#primaryimage\"},\"thumbnailUrl\":\"https:\/\/nashernews.com\/wp-content\/uploads\/2025\/06\/Nasher-Jane-Austen-WEB-copy.jpg\",\"datePublished\":\"2025-06-02T09:20:18+00:00\",\"author\":{\"@id\":\"https:\/\/nashernews.com\/ar\/#\/schema\/person\/33dc5e72e32c7f0517259d002b86eed1\"},\"breadcrumb\":{\"@id\":\"https:\/\/nashernews.com\/fr\/langleterre-fete-jane-austen\/#breadcrumb\"},\"inLanguage\":\"fr-FR\",\"potentialAction\":[{\"@type\":\"ReadAction\",\"target\":[\"https:\/\/nashernews.com\/fr\/langleterre-fete-jane-austen\/\"]}]},{\"@type\":\"ImageObject\",\"inLanguage\":\"fr-FR\",\"@id\":\"https:\/\/nashernews.com\/fr\/langleterre-fete-jane-austen\/#primaryimage\",\"url\":\"https:\/\/nashernews.com\/wp-content\/uploads\/2025\/06\/Nasher-Jane-Austen-WEB-copy.jpg\",\"contentUrl\":\"https:\/\/nashernews.com\/wp-content\/uploads\/2025\/06\/Nasher-Jane-Austen-WEB-copy.jpg\",\"width\":960,\"height\":600},{\"@type\":\"BreadcrumbList\",\"@id\":\"https:\/\/nashernews.com\/fr\/langleterre-fete-jane-austen\/#breadcrumb\",\"itemListElement\":[{\"@type\":\"ListItem\",\"position\":1,\"name\":\"Home\",\"item\":\"https:\/\/nashernews.com\/ar\/\"},{\"@type\":\"ListItem\",\"position\":2,\"name\":\"L\u2019Angleterre f\u00eate Jane Austen\"}]},{\"@type\":\"WebSite\",\"@id\":\"https:\/\/nashernews.com\/ar\/#website\",\"url\":\"https:\/\/nashernews.com\/ar\/\",\"name\":\"Nasher News\",\"description\":\"World&#039;s first professional hub for Arab Publishers\",\"potentialAction\":[{\"@type\":\"SearchAction\",\"target\":{\"@type\":\"EntryPoint\",\"urlTemplate\":\"https:\/\/nashernews.com\/ar\/?s={search_term_string}\"},\"query-input\":{\"@type\":\"PropertyValueSpecification\",\"valueRequired\":true,\"valueName\":\"search_term_string\"}}],\"inLanguage\":\"fr-FR\"},{\"@type\":\"Person\",\"@id\":\"https:\/\/nashernews.com\/ar\/#\/schema\/person\/33dc5e72e32c7f0517259d002b86eed1\",\"name\":\"Raya Aljadir\",\"image\":{\"@type\":\"ImageObject\",\"inLanguage\":\"fr-FR\",\"@id\":\"https:\/\/nashernews.com\/ar\/#\/schema\/person\/image\/\",\"url\":\"https:\/\/nashernews.com\/wp-content\/uploads\/2022\/04\/116439499_617879905509734_4186273809389279650_n-8165X165px100dpi-copy-96x96.jpg\",\"contentUrl\":\"https:\/\/nashernews.com\/wp-content\/uploads\/2022\/04\/116439499_617879905509734_4186273809389279650_n-8165X165px100dpi-copy-96x96.jpg\",\"caption\":\"Raya Aljadir\"},\"url\":\"https:\/\/nashernews.com\/fr\/author\/raya\/\"}]}<\/script>\n<!-- \/ Yoast SEO plugin. -->","yoast_head_json":{"title":"L\u2019Angleterre f\u00eate Jane Austen - Nasher News","robots":{"index":"index","follow":"follow","max-snippet":"max-snippet:-1","max-image-preview":"max-image-preview:large","max-video-preview":"max-video-preview:-1"},"canonical":"https:\/\/nashernews.com\/fr\/langleterre-fete-jane-austen\/","og_locale":"fr_FR","og_type":"article","og_title":"L\u2019Angleterre f\u00eate Jane Austen - Nasher News","og_description":"\u00c0 l\u2019occasion du 250e anniversaire de la naissance de Jane Austen, l\u2019Angleterre s\u2019appr\u00eate \u00e0 rendre hommage \u00e0 l\u2019autrice embl\u00e9matique avec une s\u00e9rie d\u2019\u00e9v\u00e9nements culturels r\u00e9partis dans tout le pays. Expositions, bals costum\u00e9s, conf\u00e9rences et visites guid\u00e9es plongeront les visiteurs dans l\u2019univers de l\u2019\u00e9crivaine qui a marqu\u00e9 \u00e0 jamais la litt\u00e9rature anglaise. De Bath \u00e0 Hampshire [&hellip;]","og_url":"https:\/\/nashernews.com\/fr\/langleterre-fete-jane-austen\/","og_site_name":"Nasher News","article_published_time":"2025-06-02T09:20:18+00:00","og_image":[{"width":960,"height":600,"url":"https:\/\/nashernews.com\/wp-content\/uploads\/2025\/06\/Nasher-Jane-Austen-WEB-copy.jpg","type":"image\/jpeg"}],"author":"Raya Aljadir","twitter_card":"summary_large_image","twitter_misc":{"\u00c9crit par":"Raya Aljadir","Dur\u00e9e de lecture estim\u00e9e":"1 minute"},"schema":{"@context":"https:\/\/schema.org","@graph":[{"@type":"Article","@id":"https:\/\/nashernews.com\/fr\/langleterre-fete-jane-austen\/#article","isPartOf":{"@id":"https:\/\/nashernews.com\/fr\/langleterre-fete-jane-austen\/"},"author":{"name":"Raya Aljadir","@id":"https:\/\/nashernews.com\/ar\/#\/schema\/person\/33dc5e72e32c7f0517259d002b86eed1"},"headline":"L\u2019Angleterre f\u00eate Jane Austen","datePublished":"2025-06-02T09:20:18+00:00","mainEntityOfPage":{"@id":"https:\/\/nashernews.com\/fr\/langleterre-fete-jane-austen\/"},"wordCount":278,"image":{"@id":"https:\/\/nashernews.com\/fr\/langleterre-fete-jane-austen\/#primaryimage"},"thumbnailUrl":"https:\/\/nashernews.com\/wp-content\/uploads\/2025\/06\/Nasher-Jane-Austen-WEB-copy.jpg","articleSection":["Actualit\u00e9s"],"inLanguage":"fr-FR"},{"@type":"WebPage","@id":"https:\/\/nashernews.com\/fr\/langleterre-fete-jane-austen\/","url":"https:\/\/nashernews.com\/fr\/langleterre-fete-jane-austen\/","name":"L\u2019Angleterre f\u00eate Jane Austen - Nasher News","isPartOf":{"@id":"https:\/\/nashernews.com\/ar\/#website"},"primaryImageOfPage":{"@id":"https:\/\/nashernews.com\/fr\/langleterre-fete-jane-austen\/#primaryimage"},"image":{"@id":"https:\/\/nashernews.com\/fr\/langleterre-fete-jane-austen\/#primaryimage"},"thumbnailUrl":"https:\/\/nashernews.com\/wp-content\/uploads\/2025\/06\/Nasher-Jane-Austen-WEB-copy.jpg","datePublished":"2025-06-02T09:20:18+00:00","author":{"@id":"https:\/\/nashernews.com\/ar\/#\/schema\/person\/33dc5e72e32c7f0517259d002b86eed1"},"breadcrumb":{"@id":"https:\/\/nashernews.com\/fr\/langleterre-fete-jane-austen\/#breadcrumb"},"inLanguage":"fr-FR","potentialAction":[{"@type":"ReadAction","target":["https:\/\/nashernews.com\/fr\/langleterre-fete-jane-austen\/"]}]},{"@type":"ImageObject","inLanguage":"fr-FR","@id":"https:\/\/nashernews.com\/fr\/langleterre-fete-jane-austen\/#primaryimage","url":"https:\/\/nashernews.com\/wp-content\/uploads\/2025\/06\/Nasher-Jane-Austen-WEB-copy.jpg","contentUrl":"https:\/\/nashernews.com\/wp-content\/uploads\/2025\/06\/Nasher-Jane-Austen-WEB-copy.jpg","width":960,"height":600},{"@type":"BreadcrumbList","@id":"https:\/\/nashernews.com\/fr\/langleterre-fete-jane-austen\/#breadcrumb","itemListElement":[{"@type":"ListItem","position":1,"name":"Home","item":"https:\/\/nashernews.com\/ar\/"},{"@type":"ListItem","position":2,"name":"L\u2019Angleterre f\u00eate Jane Austen"}]},{"@type":"WebSite","@id":"https:\/\/nashernews.com\/ar\/#website","url":"https:\/\/nashernews.com\/ar\/","name":"Nasher News","description":"World&#039;s first professional hub for Arab Publishers","potentialAction":[{"@type":"SearchAction","target":{"@type":"EntryPoint","urlTemplate":"https:\/\/nashernews.com\/ar\/?s={search_term_string}"},"query-input":{"@type":"PropertyValueSpecification","valueRequired":true,"valueName":"search_term_string"}}],"inLanguage":"fr-FR"},{"@type":"Person","@id":"https:\/\/nashernews.com\/ar\/#\/schema\/person\/33dc5e72e32c7f0517259d002b86eed1","name":"Raya Aljadir","image":{"@type":"ImageObject","inLanguage":"fr-FR","@id":"https:\/\/nashernews.com\/ar\/#\/schema\/person\/image\/","url":"https:\/\/nashernews.com\/wp-content\/uploads\/2022\/04\/116439499_617879905509734_4186273809389279650_n-8165X165px100dpi-copy-96x96.jpg","contentUrl":"https:\/\/nashernews.com\/wp-content\/uploads\/2022\/04\/116439499_617879905509734_4186273809389279650_n-8165X165px100dpi-copy-96x96.jpg","caption":"Raya Aljadir"},"url":"https:\/\/nashernews.com\/fr\/author\/raya\/"}]}},"_links":{"self":[{"href":"https:\/\/nashernews.com\/fr\/wp-json\/wp\/v2\/posts\/24233","targetHints":{"allow":["GET"]}}],"collection":[{"href":"https:\/\/nashernews.com\/fr\/wp-json\/wp\/v2\/posts"}],"about":[{"href":"https:\/\/nashernews.com\/fr\/wp-json\/wp\/v2\/types\/post"}],"author":[{"embeddable":true,"href":"https:\/\/nashernews.com\/fr\/wp-json\/wp\/v2\/users\/13"}],"replies":[{"embeddable":true,"href":"https:\/\/nashernews.com\/fr\/wp-json\/wp\/v2\/comments?post=24233"}],"version-history":[{"count":0,"href":"https:\/\/nashernews.com\/fr\/wp-json\/wp\/v2\/posts\/24233\/revisions"}],"wp:featuredmedia":[{"embeddable":true,"href":"https:\/\/nashernews.com\/fr\/wp-json\/wp\/v2\/media\/24232"}],"wp:attachment":[{"href":"https:\/\/nashernews.com\/fr\/wp-json\/wp\/v2\/media?parent=24233"}],"wp:term":[{"taxonomy":"category","embeddable":true,"href":"https:\/\/nashernews.com\/fr\/wp-json\/wp\/v2\/categories?post=24233"},{"taxonomy":"post_tag","embeddable":true,"href":"https:\/\/nashernews.com\/fr\/wp-json\/wp\/v2\/tags?post=24233"}],"curies":[{"name":"wp","href":"https:\/\/api.w.org\/{rel}","templated":true}]}}