{"id":24190,"date":"2025-06-01T13:42:44","date_gmt":"2025-06-01T09:42:44","guid":{"rendered":"https:\/\/nashernews.com\/redecouverte-dun-recit-oublie-dheroisme-au-coeur-damsterdam\/"},"modified":"2025-06-01T13:42:44","modified_gmt":"2025-06-01T09:42:44","slug":"redecouverte-dun-recit-oublie-dheroisme-au-coeur-damsterdam","status":"publish","type":"post","link":"https:\/\/nashernews.com\/fr\/redecouverte-dun-recit-oublie-dheroisme-au-coeur-damsterdam\/","title":{"rendered":"Red\u00e9couverte D\u2019un R\u00e9cit Oubli\u00e9 D\u2019H\u00e9ro\u00efsme Au C\u0153ur D\u2019Amsterdam"},"content":{"rendered":"<p><span style=\"font-weight: 400;\">L\u2019histoire des nourrices n\u00e9erlandaises qui ont sauv\u00e9 600 enfants juifs pendant l\u2019occupation nazie \u00e0 Amsterdam reste largement m\u00e9connue hors des Pays-Bas. Les autrices Susan B. Katz et Esther Shaya y rem\u00e9dient avec Les Anges d\u2019Amsterdam, \u00e0 para\u00eetre chez Virago. Ce r\u00e9cit, bas\u00e9 sur des entretiens avec des survivants et sur des recherches d\u2019archives, retrace l\u2019engagement de femmes du quotidien qui, au p\u00e9ril de leur vie, ont r\u00e9sist\u00e9 \u00e0 la barbarie. Au c\u0153ur du dispositif : Henri\u00ebtte Pimentel, directrice juive d\u2019une cr\u00e8che, qui a organis\u00e9 l\u2019exfiltration des enfants avec l\u2019aide de jeunes femmes de son \u00e9quipe et de membres de la r\u00e9sistance.<\/span><\/p>\n<p><span style=\"font-weight: 400;\">\u00c0 deux pas de la cachette d\u2019Anne Frank, ces femmes ont r\u00e9ussi \u00e0 faire sortir clandestinement des centaines d\u2019enfants, juste sous les yeux de leurs bourreaux. Katz, autrice jeunesse et descendante d\u2019immigrants juifs d\u2019Europe de l\u2019Est, s\u2019est associ\u00e9e \u00e0 Shaya, historienne engag\u00e9e dans la pr\u00e9servation de la m\u00e9moire juive aux Pays-Bas, pour redonner vie \u00e0 ces actes de bravoure longtemps rest\u00e9s dans l\u2019ombre. Ensemble, elles mettent en lumi\u00e8re une r\u00e9sistance f\u00e9minine souvent ignor\u00e9e, mais essentielle \u00e0 la m\u00e9moire collective.<\/span><\/p>\n<p><span style=\"font-weight: 400;\">L\u2019\u00e9ditrice Sarah Savitt souligne que ce livre s\u2019inscrit dans une s\u00e9rie de publications d\u00e9di\u00e9es au r\u00f4le des femmes dans les luttes historiques. \u00c0 une \u00e9poque o\u00f9 les r\u00e9cits de courage face \u00e0 l\u2019oppression sont plus que jamais n\u00e9cessaires, Les Anges d\u2019Amsterdam propose une vision inspirante et profond\u00e9ment humaine de la solidarit\u00e9. Ce projet \u00e9ditorial rend hommage \u00e0 des h\u00e9ro\u00efnes anonymes qui ont d\u00e9fi\u00e9 l\u2019inhumain par un acte simple et immense : prot\u00e9ger l\u2019innocence.<\/span><\/p>\n<p>&nbsp;<\/p>\n","protected":false},"excerpt":{"rendered":"<p>L\u2019histoire des nourrices n\u00e9erlandaises qui ont sauv\u00e9 600 enfants juifs pendant l\u2019occupation nazie \u00e0 Amsterdam reste largement m\u00e9connue hors des Pays-Bas. Les autrices Susan B. Katz et Esther Shaya y rem\u00e9dient avec Les Anges d\u2019Amsterdam, \u00e0 para\u00eetre chez Virago. Ce r\u00e9cit, bas\u00e9 sur des entretiens avec des survivants et sur des recherches d\u2019archives, retrace l\u2019engagement [&hellip;]<\/p>\n","protected":false},"author":14,"featured_media":24189,"comment_status":"closed","ping_status":"open","sticky":false,"template":"","format":"standard","meta":{"_acf_changed":false,"_et_pb_use_builder":"","_et_pb_old_content":"","_et_gb_content_width":"","footnotes":""},"categories":[106],"tags":[],"class_list":["post-24190","post","type-post","status-publish","format-standard","has-post-thumbnail","hentry","category-non-classifiee","et-has-post-format-content","et_post_format-et-post-format-standard"],"acf":[],"yoast_head":"<!-- This site is optimized with the Yoast SEO plugin v26.9 - https:\/\/yoast.com\/product\/yoast-seo-wordpress\/ -->\n<title>Red\u00e9couverte D\u2019un R\u00e9cit Oubli\u00e9 D\u2019H\u00e9ro\u00efsme Au C\u0153ur D\u2019Amsterdam - Nasher News<\/title>\n<meta name=\"robots\" content=\"index, follow, max-snippet:-1, max-image-preview:large, max-video-preview:-1\" \/>\n<link rel=\"canonical\" href=\"https:\/\/nashernews.com\/fr\/redecouverte-dun-recit-oublie-dheroisme-au-coeur-damsterdam\/\" \/>\n<meta property=\"og:locale\" content=\"fr_FR\" \/>\n<meta property=\"og:type\" content=\"article\" \/>\n<meta property=\"og:title\" content=\"Red\u00e9couverte D\u2019un R\u00e9cit Oubli\u00e9 D\u2019H\u00e9ro\u00efsme Au C\u0153ur D\u2019Amsterdam - Nasher News\" \/>\n<meta property=\"og:description\" content=\"L\u2019histoire des nourrices n\u00e9erlandaises qui ont sauv\u00e9 600 enfants juifs pendant l\u2019occupation nazie \u00e0 Amsterdam reste largement m\u00e9connue hors des Pays-Bas. Les autrices Susan B. Katz et Esther Shaya y rem\u00e9dient avec Les Anges d\u2019Amsterdam, \u00e0 para\u00eetre chez Virago. Ce r\u00e9cit, bas\u00e9 sur des entretiens avec des survivants et sur des recherches d\u2019archives, retrace l\u2019engagement [&hellip;]\" \/>\n<meta property=\"og:url\" content=\"https:\/\/nashernews.com\/fr\/redecouverte-dun-recit-oublie-dheroisme-au-coeur-damsterdam\/\" \/>\n<meta property=\"og:site_name\" content=\"Nasher News\" \/>\n<meta property=\"article:published_time\" content=\"2025-06-01T09:42:44+00:00\" \/>\n<meta property=\"og:image\" content=\"https:\/\/nashernews.com\/wp-content\/uploads\/2025\/06\/WebsitePost373.jpg\" \/>\n\t<meta property=\"og:image:width\" content=\"960\" \/>\n\t<meta property=\"og:image:height\" content=\"600\" \/>\n\t<meta property=\"og:image:type\" content=\"image\/jpeg\" \/>\n<meta name=\"author\" content=\"Roger Tagholm\" \/>\n<meta name=\"twitter:card\" content=\"summary_large_image\" \/>\n<meta name=\"twitter:label1\" content=\"\u00c9crit par\" \/>\n\t<meta name=\"twitter:data1\" content=\"Roger Tagholm\" \/>\n\t<meta name=\"twitter:label2\" content=\"Dur\u00e9e de lecture estim\u00e9e\" \/>\n\t<meta name=\"twitter:data2\" content=\"1 minute\" \/>\n<script type=\"application\/ld+json\" class=\"yoast-schema-graph\">{\"@context\":\"https:\/\/schema.org\",\"@graph\":[{\"@type\":\"Article\",\"@id\":\"https:\/\/nashernews.com\/fr\/redecouverte-dun-recit-oublie-dheroisme-au-coeur-damsterdam\/#article\",\"isPartOf\":{\"@id\":\"https:\/\/nashernews.com\/fr\/redecouverte-dun-recit-oublie-dheroisme-au-coeur-damsterdam\/\"},\"author\":{\"name\":\"Roger Tagholm\",\"@id\":\"https:\/\/nashernews.com\/ar\/#\/schema\/person\/71f1e3c17ebcb19128a8c32e601282fb\"},\"headline\":\"Red\u00e9couverte D\u2019un R\u00e9cit Oubli\u00e9 D\u2019H\u00e9ro\u00efsme Au C\u0153ur D\u2019Amsterdam\",\"datePublished\":\"2025-06-01T09:42:44+00:00\",\"mainEntityOfPage\":{\"@id\":\"https:\/\/nashernews.com\/fr\/redecouverte-dun-recit-oublie-dheroisme-au-coeur-damsterdam\/\"},\"wordCount\":310,\"image\":{\"@id\":\"https:\/\/nashernews.com\/fr\/redecouverte-dun-recit-oublie-dheroisme-au-coeur-damsterdam\/#primaryimage\"},\"thumbnailUrl\":\"https:\/\/nashernews.com\/wp-content\/uploads\/2025\/06\/WebsitePost373.jpg\",\"articleSection\":[\"Actualit\u00e9s\"],\"inLanguage\":\"fr-FR\"},{\"@type\":\"WebPage\",\"@id\":\"https:\/\/nashernews.com\/fr\/redecouverte-dun-recit-oublie-dheroisme-au-coeur-damsterdam\/\",\"url\":\"https:\/\/nashernews.com\/fr\/redecouverte-dun-recit-oublie-dheroisme-au-coeur-damsterdam\/\",\"name\":\"Red\u00e9couverte D\u2019un R\u00e9cit Oubli\u00e9 D\u2019H\u00e9ro\u00efsme Au C\u0153ur D\u2019Amsterdam - Nasher News\",\"isPartOf\":{\"@id\":\"https:\/\/nashernews.com\/ar\/#website\"},\"primaryImageOfPage\":{\"@id\":\"https:\/\/nashernews.com\/fr\/redecouverte-dun-recit-oublie-dheroisme-au-coeur-damsterdam\/#primaryimage\"},\"image\":{\"@id\":\"https:\/\/nashernews.com\/fr\/redecouverte-dun-recit-oublie-dheroisme-au-coeur-damsterdam\/#primaryimage\"},\"thumbnailUrl\":\"https:\/\/nashernews.com\/wp-content\/uploads\/2025\/06\/WebsitePost373.jpg\",\"datePublished\":\"2025-06-01T09:42:44+00:00\",\"author\":{\"@id\":\"https:\/\/nashernews.com\/ar\/#\/schema\/person\/71f1e3c17ebcb19128a8c32e601282fb\"},\"breadcrumb\":{\"@id\":\"https:\/\/nashernews.com\/fr\/redecouverte-dun-recit-oublie-dheroisme-au-coeur-damsterdam\/#breadcrumb\"},\"inLanguage\":\"fr-FR\",\"potentialAction\":[{\"@type\":\"ReadAction\",\"target\":[\"https:\/\/nashernews.com\/fr\/redecouverte-dun-recit-oublie-dheroisme-au-coeur-damsterdam\/\"]}]},{\"@type\":\"ImageObject\",\"inLanguage\":\"fr-FR\",\"@id\":\"https:\/\/nashernews.com\/fr\/redecouverte-dun-recit-oublie-dheroisme-au-coeur-damsterdam\/#primaryimage\",\"url\":\"https:\/\/nashernews.com\/wp-content\/uploads\/2025\/06\/WebsitePost373.jpg\",\"contentUrl\":\"https:\/\/nashernews.com\/wp-content\/uploads\/2025\/06\/WebsitePost373.jpg\",\"width\":960,\"height\":600},{\"@type\":\"BreadcrumbList\",\"@id\":\"https:\/\/nashernews.com\/fr\/redecouverte-dun-recit-oublie-dheroisme-au-coeur-damsterdam\/#breadcrumb\",\"itemListElement\":[{\"@type\":\"ListItem\",\"position\":1,\"name\":\"Home\",\"item\":\"https:\/\/nashernews.com\/ar\/\"},{\"@type\":\"ListItem\",\"position\":2,\"name\":\"Red\u00e9couverte D\u2019un R\u00e9cit Oubli\u00e9 D\u2019H\u00e9ro\u00efsme Au C\u0153ur D\u2019Amsterdam\"}]},{\"@type\":\"WebSite\",\"@id\":\"https:\/\/nashernews.com\/ar\/#website\",\"url\":\"https:\/\/nashernews.com\/ar\/\",\"name\":\"Nasher News\",\"description\":\"World&#039;s first professional hub for Arab Publishers\",\"potentialAction\":[{\"@type\":\"SearchAction\",\"target\":{\"@type\":\"EntryPoint\",\"urlTemplate\":\"https:\/\/nashernews.com\/ar\/?s={search_term_string}\"},\"query-input\":{\"@type\":\"PropertyValueSpecification\",\"valueRequired\":true,\"valueName\":\"search_term_string\"}}],\"inLanguage\":\"fr-FR\"},{\"@type\":\"Person\",\"@id\":\"https:\/\/nashernews.com\/ar\/#\/schema\/person\/71f1e3c17ebcb19128a8c32e601282fb\",\"name\":\"Roger Tagholm\",\"image\":{\"@type\":\"ImageObject\",\"inLanguage\":\"fr-FR\",\"@id\":\"https:\/\/nashernews.com\/ar\/#\/schema\/person\/image\/\",\"url\":\"https:\/\/nashernews.com\/wp-content\/uploads\/2022\/04\/IMG_20220301_1005542-4-copy-96x96.jpg\",\"contentUrl\":\"https:\/\/nashernews.com\/wp-content\/uploads\/2022\/04\/IMG_20220301_1005542-4-copy-96x96.jpg\",\"caption\":\"Roger Tagholm\"},\"url\":\"https:\/\/nashernews.com\/fr\/author\/roger\/\"}]}<\/script>\n<!-- \/ Yoast SEO plugin. -->","yoast_head_json":{"title":"Red\u00e9couverte D\u2019un R\u00e9cit Oubli\u00e9 D\u2019H\u00e9ro\u00efsme Au C\u0153ur D\u2019Amsterdam - Nasher News","robots":{"index":"index","follow":"follow","max-snippet":"max-snippet:-1","max-image-preview":"max-image-preview:large","max-video-preview":"max-video-preview:-1"},"canonical":"https:\/\/nashernews.com\/fr\/redecouverte-dun-recit-oublie-dheroisme-au-coeur-damsterdam\/","og_locale":"fr_FR","og_type":"article","og_title":"Red\u00e9couverte D\u2019un R\u00e9cit Oubli\u00e9 D\u2019H\u00e9ro\u00efsme Au C\u0153ur D\u2019Amsterdam - Nasher News","og_description":"L\u2019histoire des nourrices n\u00e9erlandaises qui ont sauv\u00e9 600 enfants juifs pendant l\u2019occupation nazie \u00e0 Amsterdam reste largement m\u00e9connue hors des Pays-Bas. Les autrices Susan B. Katz et Esther Shaya y rem\u00e9dient avec Les Anges d\u2019Amsterdam, \u00e0 para\u00eetre chez Virago. Ce r\u00e9cit, bas\u00e9 sur des entretiens avec des survivants et sur des recherches d\u2019archives, retrace l\u2019engagement [&hellip;]","og_url":"https:\/\/nashernews.com\/fr\/redecouverte-dun-recit-oublie-dheroisme-au-coeur-damsterdam\/","og_site_name":"Nasher News","article_published_time":"2025-06-01T09:42:44+00:00","og_image":[{"width":960,"height":600,"url":"https:\/\/nashernews.com\/wp-content\/uploads\/2025\/06\/WebsitePost373.jpg","type":"image\/jpeg"}],"author":"Roger Tagholm","twitter_card":"summary_large_image","twitter_misc":{"\u00c9crit par":"Roger Tagholm","Dur\u00e9e de lecture estim\u00e9e":"1 minute"},"schema":{"@context":"https:\/\/schema.org","@graph":[{"@type":"Article","@id":"https:\/\/nashernews.com\/fr\/redecouverte-dun-recit-oublie-dheroisme-au-coeur-damsterdam\/#article","isPartOf":{"@id":"https:\/\/nashernews.com\/fr\/redecouverte-dun-recit-oublie-dheroisme-au-coeur-damsterdam\/"},"author":{"name":"Roger Tagholm","@id":"https:\/\/nashernews.com\/ar\/#\/schema\/person\/71f1e3c17ebcb19128a8c32e601282fb"},"headline":"Red\u00e9couverte D\u2019un R\u00e9cit Oubli\u00e9 D\u2019H\u00e9ro\u00efsme Au C\u0153ur D\u2019Amsterdam","datePublished":"2025-06-01T09:42:44+00:00","mainEntityOfPage":{"@id":"https:\/\/nashernews.com\/fr\/redecouverte-dun-recit-oublie-dheroisme-au-coeur-damsterdam\/"},"wordCount":310,"image":{"@id":"https:\/\/nashernews.com\/fr\/redecouverte-dun-recit-oublie-dheroisme-au-coeur-damsterdam\/#primaryimage"},"thumbnailUrl":"https:\/\/nashernews.com\/wp-content\/uploads\/2025\/06\/WebsitePost373.jpg","articleSection":["Actualit\u00e9s"],"inLanguage":"fr-FR"},{"@type":"WebPage","@id":"https:\/\/nashernews.com\/fr\/redecouverte-dun-recit-oublie-dheroisme-au-coeur-damsterdam\/","url":"https:\/\/nashernews.com\/fr\/redecouverte-dun-recit-oublie-dheroisme-au-coeur-damsterdam\/","name":"Red\u00e9couverte D\u2019un R\u00e9cit Oubli\u00e9 D\u2019H\u00e9ro\u00efsme Au C\u0153ur D\u2019Amsterdam - Nasher News","isPartOf":{"@id":"https:\/\/nashernews.com\/ar\/#website"},"primaryImageOfPage":{"@id":"https:\/\/nashernews.com\/fr\/redecouverte-dun-recit-oublie-dheroisme-au-coeur-damsterdam\/#primaryimage"},"image":{"@id":"https:\/\/nashernews.com\/fr\/redecouverte-dun-recit-oublie-dheroisme-au-coeur-damsterdam\/#primaryimage"},"thumbnailUrl":"https:\/\/nashernews.com\/wp-content\/uploads\/2025\/06\/WebsitePost373.jpg","datePublished":"2025-06-01T09:42:44+00:00","author":{"@id":"https:\/\/nashernews.com\/ar\/#\/schema\/person\/71f1e3c17ebcb19128a8c32e601282fb"},"breadcrumb":{"@id":"https:\/\/nashernews.com\/fr\/redecouverte-dun-recit-oublie-dheroisme-au-coeur-damsterdam\/#breadcrumb"},"inLanguage":"fr-FR","potentialAction":[{"@type":"ReadAction","target":["https:\/\/nashernews.com\/fr\/redecouverte-dun-recit-oublie-dheroisme-au-coeur-damsterdam\/"]}]},{"@type":"ImageObject","inLanguage":"fr-FR","@id":"https:\/\/nashernews.com\/fr\/redecouverte-dun-recit-oublie-dheroisme-au-coeur-damsterdam\/#primaryimage","url":"https:\/\/nashernews.com\/wp-content\/uploads\/2025\/06\/WebsitePost373.jpg","contentUrl":"https:\/\/nashernews.com\/wp-content\/uploads\/2025\/06\/WebsitePost373.jpg","width":960,"height":600},{"@type":"BreadcrumbList","@id":"https:\/\/nashernews.com\/fr\/redecouverte-dun-recit-oublie-dheroisme-au-coeur-damsterdam\/#breadcrumb","itemListElement":[{"@type":"ListItem","position":1,"name":"Home","item":"https:\/\/nashernews.com\/ar\/"},{"@type":"ListItem","position":2,"name":"Red\u00e9couverte D\u2019un R\u00e9cit Oubli\u00e9 D\u2019H\u00e9ro\u00efsme Au C\u0153ur D\u2019Amsterdam"}]},{"@type":"WebSite","@id":"https:\/\/nashernews.com\/ar\/#website","url":"https:\/\/nashernews.com\/ar\/","name":"Nasher News","description":"World&#039;s first professional hub for Arab Publishers","potentialAction":[{"@type":"SearchAction","target":{"@type":"EntryPoint","urlTemplate":"https:\/\/nashernews.com\/ar\/?s={search_term_string}"},"query-input":{"@type":"PropertyValueSpecification","valueRequired":true,"valueName":"search_term_string"}}],"inLanguage":"fr-FR"},{"@type":"Person","@id":"https:\/\/nashernews.com\/ar\/#\/schema\/person\/71f1e3c17ebcb19128a8c32e601282fb","name":"Roger Tagholm","image":{"@type":"ImageObject","inLanguage":"fr-FR","@id":"https:\/\/nashernews.com\/ar\/#\/schema\/person\/image\/","url":"https:\/\/nashernews.com\/wp-content\/uploads\/2022\/04\/IMG_20220301_1005542-4-copy-96x96.jpg","contentUrl":"https:\/\/nashernews.com\/wp-content\/uploads\/2022\/04\/IMG_20220301_1005542-4-copy-96x96.jpg","caption":"Roger Tagholm"},"url":"https:\/\/nashernews.com\/fr\/author\/roger\/"}]}},"_links":{"self":[{"href":"https:\/\/nashernews.com\/fr\/wp-json\/wp\/v2\/posts\/24190","targetHints":{"allow":["GET"]}}],"collection":[{"href":"https:\/\/nashernews.com\/fr\/wp-json\/wp\/v2\/posts"}],"about":[{"href":"https:\/\/nashernews.com\/fr\/wp-json\/wp\/v2\/types\/post"}],"author":[{"embeddable":true,"href":"https:\/\/nashernews.com\/fr\/wp-json\/wp\/v2\/users\/14"}],"replies":[{"embeddable":true,"href":"https:\/\/nashernews.com\/fr\/wp-json\/wp\/v2\/comments?post=24190"}],"version-history":[{"count":0,"href":"https:\/\/nashernews.com\/fr\/wp-json\/wp\/v2\/posts\/24190\/revisions"}],"wp:featuredmedia":[{"embeddable":true,"href":"https:\/\/nashernews.com\/fr\/wp-json\/wp\/v2\/media\/24189"}],"wp:attachment":[{"href":"https:\/\/nashernews.com\/fr\/wp-json\/wp\/v2\/media?parent=24190"}],"wp:term":[{"taxonomy":"category","embeddable":true,"href":"https:\/\/nashernews.com\/fr\/wp-json\/wp\/v2\/categories?post=24190"},{"taxonomy":"post_tag","embeddable":true,"href":"https:\/\/nashernews.com\/fr\/wp-json\/wp\/v2\/tags?post=24190"}],"curies":[{"name":"wp","href":"https:\/\/api.w.org\/{rel}","templated":true}]}}